{"id":7964,"date":"2026-09-06T08:27:32","date_gmt":"2026-09-06T08:27:32","guid":{"rendered":"https:\/\/cshumlikon.ch\/?p=7964"},"modified":"2026-09-06T08:27:34","modified_gmt":"2026-09-06T08:27:34","slug":"dominique-haessig-gewinnt-das-r-n100","status":"publish","type":"post","link":"https:\/\/cshumlikon.ch\/index.php\/2026\/09\/06\/dominique-haessig-gewinnt-das-r-n100\/","title":{"rendered":"Dominique H\u00e4ssig gewinnt das R\/N100"},"content":{"rendered":"\n<figure class=\"wp-block-image size-large\"><img data-recalc-dims=\"1\" loading=\"lazy\" decoding=\"async\" width=\"780\" height=\"520\" src=\"https:\/\/i0.wp.com\/cshumlikon.ch\/wp-content\/uploads\/2026\/09\/DSC_0329.JPG.jpeg?resize=780%2C520&#038;ssl=1\" alt=\"\" class=\"wp-image-7965\" srcset=\"https:\/\/i0.wp.com\/cshumlikon.ch\/wp-content\/uploads\/2026\/09\/DSC_0329.JPG-scaled.jpeg?resize=1024%2C683&amp;ssl=1 1024w, https:\/\/i0.wp.com\/cshumlikon.ch\/wp-content\/uploads\/2026\/09\/DSC_0329.JPG-scaled.jpeg?resize=300%2C200&amp;ssl=1 300w, https:\/\/i0.wp.com\/cshumlikon.ch\/wp-content\/uploads\/2026\/09\/DSC_0329.JPG-scaled.jpeg?resize=768%2C512&amp;ssl=1 768w, https:\/\/i0.wp.com\/cshumlikon.ch\/wp-content\/uploads\/2026\/09\/DSC_0329.JPG-scaled.jpeg?resize=1536%2C1024&amp;ssl=1 1536w, https:\/\/i0.wp.com\/cshumlikon.ch\/wp-content\/uploads\/2026\/09\/DSC_0329.JPG-scaled.jpeg?resize=2048%2C1365&amp;ssl=1 2048w, https:\/\/i0.wp.com\/cshumlikon.ch\/wp-content\/uploads\/2026\/09\/DSC_0329.JPG-scaled.jpeg?resize=450%2C300&amp;ssl=1 450w, https:\/\/i0.wp.com\/cshumlikon.ch\/wp-content\/uploads\/2026\/09\/DSC_0329.JPG-scaled.jpeg?resize=1023%2C682&amp;ssl=1 1023w, https:\/\/i0.wp.com\/cshumlikon.ch\/wp-content\/uploads\/2026\/09\/DSC_0329.JPG-scaled.jpeg?w=2340&amp;ssl=1 2340w\" sizes=\"auto, (max-width: 780px) 100vw, 780px\" \/><\/figure>\n\n\n\n<p class=\"wp-block-paragraph\">Der f\u00fcnfte und letzte Turniertag am diesj\u00e4hrigen LerchPartner.ch CS Humlikon begann mit einem gut besetzten R\/N100, dem \u00a0Preis der Nordostschweizerischen Pferdeverischerungs-Genossenschaft, Waltalingen. Rund 70 Reiterinnen und Reiter waren zu dem Springen nach Wertung A mit Zeitmessung angetreten \u2013 und die beste war Dominique H\u00e4ssig im Sattel ihres erst 7-j\u00e4hrigen Curtis. Die in Effretikon wohnhafte Reiterin hatte den CH-Wallach bereits 4-J\u00e4hrig in Jungpferdepr\u00fcfungen geritten und gewinnt nun erstmals eine offizielle Pr\u00fcfung mit ihm. Das Paar blieb fehlerfrei in einer Zeit von 56.4 Sekunden, wo mit sie die zweitplatzierte Ladina M\u00e4schli, Hofstetten, mit Killbunny Cascabel um 1,27 Sekunden distanzierte. Der 3. Rang ging an Elena Misic aus Cham mit Cleopatra di Cicero, Karin Hanselmann, Oberriet mit Fantasy v. Wichenstein und Emily B\u00fchler, Brugg, mit Cara Mia. \u00a0\u00a0 <\/p>\n\n\n\n<p class=\"wp-block-paragraph\">???? Fotos: Sportfoto Mo, <a href=\"https:\/\/www.sportfoto-mo.com\">www.sportfoto-mo.com<\/a><br>????Ergebnisse: <a href=\"https:\/\/info.swiss-equestrian.ch\/#\/resultate\/veranstaltungen\/58797\">https:\/\/info.swiss-equestrian.ch\/#\/resultate\/veranstaltungen\/58797<\/a><br><\/p>\n\n\n\n<figure class=\"wp-block-image size-large\"><img data-recalc-dims=\"1\" loading=\"lazy\" decoding=\"async\" width=\"780\" height=\"520\" src=\"https:\/\/i0.wp.com\/cshumlikon.ch\/wp-content\/uploads\/2026\/09\/DSC_2682.JPG.jpeg?resize=780%2C520&#038;ssl=1\" alt=\"\" class=\"wp-image-7966\" srcset=\"https:\/\/i0.wp.com\/cshumlikon.ch\/wp-content\/uploads\/2026\/09\/DSC_2682.JPG-scaled.jpeg?resize=1024%2C683&amp;ssl=1 1024w, https:\/\/i0.wp.com\/cshumlikon.ch\/wp-content\/uploads\/2026\/09\/DSC_2682.JPG-scaled.jpeg?resize=300%2C200&amp;ssl=1 300w, https:\/\/i0.wp.com\/cshumlikon.ch\/wp-content\/uploads\/2026\/09\/DSC_2682.JPG-scaled.jpeg?resize=768%2C512&amp;ssl=1 768w, https:\/\/i0.wp.com\/cshumlikon.ch\/wp-content\/uploads\/2026\/09\/DSC_2682.JPG-scaled.jpeg?resize=1536%2C1024&amp;ssl=1 1536w, https:\/\/i0.wp.com\/cshumlikon.ch\/wp-content\/uploads\/2026\/09\/DSC_2682.JPG-scaled.jpeg?resize=2048%2C1365&amp;ssl=1 2048w, https:\/\/i0.wp.com\/cshumlikon.ch\/wp-content\/uploads\/2026\/09\/DSC_2682.JPG-scaled.jpeg?resize=450%2C300&amp;ssl=1 450w, https:\/\/i0.wp.com\/cshumlikon.ch\/wp-content\/uploads\/2026\/09\/DSC_2682.JPG-scaled.jpeg?resize=1023%2C682&amp;ssl=1 1023w, https:\/\/i0.wp.com\/cshumlikon.ch\/wp-content\/uploads\/2026\/09\/DSC_2682.JPG-scaled.jpeg?w=2340&amp;ssl=1 2340w\" sizes=\"auto, (max-width: 780px) 100vw, 780px\" \/><\/figure>\n","protected":false},"excerpt":{"rendered":"<p>Der f\u00fcnfte und letzte Turniertag am diesj\u00e4hrigen LerchPartner.ch CS Humlikon begann mit einem gut besetzten&#8230;<\/p>\n","protected":false},"author":2,"featured_media":7965,"comment_status":"open","ping_status":"closed","sticky":false,"template":"","format":"standard","meta":{"_jetpack_newsletter_access":"","_jetpack_dont_email_post_to_subs":false,"_jetpack_newsletter_tier_id":0,"_jetpack_memberships_contains_paywalled_content":false,"_jetpack_memberships_contains_paid_content":false,"footnotes":""},"categories":[1],"tags":[],"class_list":["post-7964","post","type-post","status-publish","format-standard","has-post-thumbnail","hentry","category-uncategorized"],"jetpack_sharing_enabled":true,"jetpack_featured_media_url":"https:\/\/cshumlikon.ch\/wp-content\/uploads\/2026\/09\/DSC_0329.JPG-scaled.jpeg","_links":{"self":[{"href":"https:\/\/cshumlikon.ch\/index.php\/wp-json\/wp\/v2\/posts\/7964","targetHints":{"allow":["GET"]}}],"collection":[{"href":"https:\/\/cshumlikon.ch\/index.php\/wp-json\/wp\/v2\/posts"}],"about":[{"href":"https:\/\/cshumlikon.ch\/index.php\/wp-json\/wp\/v2\/types\/post"}],"author":[{"embeddable":true,"href":"https:\/\/cshumlikon.ch\/index.php\/wp-json\/wp\/v2\/users\/2"}],"replies":[{"embeddable":true,"href":"https:\/\/cshumlikon.ch\/index.php\/wp-json\/wp\/v2\/comments?post=7964"}],"version-history":[{"count":1,"href":"https:\/\/cshumlikon.ch\/index.php\/wp-json\/wp\/v2\/posts\/7964\/revisions"}],"predecessor-version":[{"id":7967,"href":"https:\/\/cshumlikon.ch\/index.php\/wp-json\/wp\/v2\/posts\/7964\/revisions\/7967"}],"wp:featuredmedia":[{"embeddable":true,"href":"https:\/\/cshumlikon.ch\/index.php\/wp-json\/wp\/v2\/media\/7965"}],"wp:attachment":[{"href":"https:\/\/cshumlikon.ch\/index.php\/wp-json\/wp\/v2\/media?parent=7964"}],"wp:term":[{"taxonomy":"category","embeddable":true,"href":"https:\/\/cshumlikon.ch\/index.php\/wp-json\/wp\/v2\/categories?post=7964"},{"taxonomy":"post_tag","embeddable":true,"href":"https:\/\/cshumlikon.ch\/index.php\/wp-json\/wp\/v2\/tags?post=7964"}],"curies":[{"name":"wp","href":"https:\/\/api.w.org\/{rel}","templated":true}]}}