{"id":7932,"date":"2026-09-05T08:38:12","date_gmt":"2026-09-05T08:38:12","guid":{"rendered":"https:\/\/cshumlikon.ch\/?p=7932"},"modified":"2026-09-05T08:38:23","modified_gmt":"2026-09-05T08:38:23","slug":"oldies-but-goldies-die-ersten-senioren-sieger-stehen-fest","status":"publish","type":"post","link":"https:\/\/cshumlikon.ch\/index.php\/2026\/09\/05\/oldies-but-goldies-die-ersten-senioren-sieger-stehen-fest\/","title":{"rendered":"Oldies but Goldies: die ersten Senioren-Sieger stehen fest"},"content":{"rendered":"\n<figure class=\"wp-block-image size-large\"><img data-recalc-dims=\"1\" loading=\"lazy\" decoding=\"async\" width=\"780\" height=\"520\" src=\"https:\/\/i0.wp.com\/cshumlikon.ch\/wp-content\/uploads\/2026\/09\/DSC_1245.JPG-1.jpeg?resize=780%2C520&#038;ssl=1\" alt=\"\" class=\"wp-image-7933\" srcset=\"https:\/\/i0.wp.com\/cshumlikon.ch\/wp-content\/uploads\/2026\/09\/DSC_1245.JPG-1-scaled.jpeg?resize=1024%2C683&amp;ssl=1 1024w, https:\/\/i0.wp.com\/cshumlikon.ch\/wp-content\/uploads\/2026\/09\/DSC_1245.JPG-1-scaled.jpeg?resize=768%2C512&amp;ssl=1 768w, https:\/\/i0.wp.com\/cshumlikon.ch\/wp-content\/uploads\/2026\/09\/DSC_1245.JPG-1-scaled.jpeg?resize=300%2C200&amp;ssl=1 300w, https:\/\/i0.wp.com\/cshumlikon.ch\/wp-content\/uploads\/2026\/09\/DSC_1245.JPG-1-scaled.jpeg?resize=1536%2C1024&amp;ssl=1 1536w, https:\/\/i0.wp.com\/cshumlikon.ch\/wp-content\/uploads\/2026\/09\/DSC_1245.JPG-1-scaled.jpeg?resize=2048%2C1365&amp;ssl=1 2048w, https:\/\/i0.wp.com\/cshumlikon.ch\/wp-content\/uploads\/2026\/09\/DSC_1245.JPG-1-scaled.jpeg?resize=450%2C300&amp;ssl=1 450w, https:\/\/i0.wp.com\/cshumlikon.ch\/wp-content\/uploads\/2026\/09\/DSC_1245.JPG-1-scaled.jpeg?resize=1023%2C682&amp;ssl=1 1023w, https:\/\/i0.wp.com\/cshumlikon.ch\/wp-content\/uploads\/2026\/09\/DSC_1245.JPG-1-scaled.jpeg?w=2340&amp;ssl=1 2340w\" sizes=\"auto, (max-width: 780px) 100vw, 780px\" \/><\/figure>\n\n\n\n<p class=\"wp-block-paragraph\">Der Samstag geh\u00f6rt am LerchPartner.ch CS Humlikon traditionell den Seniorenpr\u00fcfungen. Sportlich sind diese Pr\u00fcfungen kein bisschen weniger spannend, im Gegenteil: Die \u00fc45-Reiterinnen und Reiter spielen in den Parcours ihre Erfahrung und Routine voll aus und liefern sich packende Duelle. Im ersten Springen, dem Preis von Sabine &amp; Theo Tschanz, Winkel, ging dieses an Robert Meier aus Laupersdorf mit O\u2019Jimmy Joe M CH. ER blieb in dem Sen100 fehlerfrei und war mit seiner Zeit von 52.23 Sekunden um 1,54 Sekunden schneller als sein st\u00e4rkster Verfolger Mathias Bucher, Stallikon, mit Clooney v. Girstel CH. Der 3. und der 5. Rang gehen an Hans B\u00fcrgisser aus Oberlunkhofen mit seinen beiden Pferden Lynnviana und Servus II. Dazwischen schob sie Roman Ochsner, Gossau, mit Alpe d\u2019Huez Doral.<\/p>\n\n\n\n<p class=\"wp-block-paragraph\">Im Sen110, dem Preis der Senioren-Vereinigung Schweizer Concoursreiter, heisst der Sieger Remo Konrad. Der Routinier aus Jona ben\u00f6tigte auf seiner schnellen Schweizer Stute Misskara CH keine 50 Sekunden um den Parcours zu bew\u00e4ltigen. Rober Meier aus Laupersdorf war mit seiner Valina M CH, ebenfalls einer Schweizer Stute, ebenfalls schnell unterwegs, dennoch ben\u00f6tige er \u00fcber 2 Sekunden l\u00e4nger als der Sieger. Auch die R\u00e4nge 3 und 4 belegten Reiter mit Stuten aus einheimischer Zucht: Thomas M\u00fcller aus Hilfikon mit Calista XI CH und Mathias Bucher aus Stallikon mit Sheyenne v. Girstel CH. Der 5. Rang ging an Martin H\u00e4fliger, Sursee, mit Nimph de la Parona. <\/p>\n\n\n\n<p class=\"wp-block-paragraph\">???? Fotos: Sportfoto Mo, <a href=\"https:\/\/www.sportfoto-mo.com\">www.sportfoto-mo.com<\/a><br>????Ergebnisse: <a href=\"https:\/\/info.swiss-equestrian.ch\/#\/resultate\/veranstaltungen\/58797\">https:\/\/info.swiss-equestrian.ch\/#\/resultate\/veranstaltungen\/58797<\/a><\/p>\n\n\n\n<p class=\"wp-block-paragraph\"><br><\/p>\n\n\n\n<figure class=\"wp-block-image size-large\"><img data-recalc-dims=\"1\" loading=\"lazy\" decoding=\"async\" width=\"780\" height=\"520\" src=\"https:\/\/i0.wp.com\/cshumlikon.ch\/wp-content\/uploads\/2026\/09\/DSC_1271.JPG.jpeg?resize=780%2C520&#038;ssl=1\" alt=\"\" class=\"wp-image-7934\" srcset=\"https:\/\/i0.wp.com\/cshumlikon.ch\/wp-content\/uploads\/2026\/09\/DSC_1271.JPG-scaled.jpeg?resize=1024%2C683&amp;ssl=1 1024w, https:\/\/i0.wp.com\/cshumlikon.ch\/wp-content\/uploads\/2026\/09\/DSC_1271.JPG-scaled.jpeg?resize=300%2C200&amp;ssl=1 300w, https:\/\/i0.wp.com\/cshumlikon.ch\/wp-content\/uploads\/2026\/09\/DSC_1271.JPG-scaled.jpeg?resize=768%2C512&amp;ssl=1 768w, https:\/\/i0.wp.com\/cshumlikon.ch\/wp-content\/uploads\/2026\/09\/DSC_1271.JPG-scaled.jpeg?resize=1536%2C1024&amp;ssl=1 1536w, https:\/\/i0.wp.com\/cshumlikon.ch\/wp-content\/uploads\/2026\/09\/DSC_1271.JPG-scaled.jpeg?resize=2048%2C1365&amp;ssl=1 2048w, https:\/\/i0.wp.com\/cshumlikon.ch\/wp-content\/uploads\/2026\/09\/DSC_1271.JPG-scaled.jpeg?resize=450%2C300&amp;ssl=1 450w, https:\/\/i0.wp.com\/cshumlikon.ch\/wp-content\/uploads\/2026\/09\/DSC_1271.JPG-scaled.jpeg?resize=1023%2C682&amp;ssl=1 1023w, https:\/\/i0.wp.com\/cshumlikon.ch\/wp-content\/uploads\/2026\/09\/DSC_1271.JPG-scaled.jpeg?w=2340&amp;ssl=1 2340w\" sizes=\"auto, (max-width: 780px) 100vw, 780px\" \/><\/figure>\n","protected":false},"excerpt":{"rendered":"<p>Der Samstag geh\u00f6rt am LerchPartner.ch CS Humlikon traditionell den Seniorenpr\u00fcfungen. Sportlich sind diese Pr\u00fcfungen kein&#8230;<\/p>\n","protected":false},"author":2,"featured_media":7934,"comment_status":"open","ping_status":"closed","sticky":false,"template":"","format":"standard","meta":{"_jetpack_newsletter_access":"","_jetpack_dont_email_post_to_subs":false,"_jetpack_newsletter_tier_id":0,"_jetpack_memberships_contains_paywalled_content":false,"_jetpack_memberships_contains_paid_content":false,"footnotes":""},"categories":[1],"tags":[],"class_list":["post-7932","post","type-post","status-publish","format-standard","has-post-thumbnail","hentry","category-uncategorized"],"jetpack_sharing_enabled":true,"jetpack_featured_media_url":"https:\/\/cshumlikon.ch\/wp-content\/uploads\/2026\/09\/DSC_1271.JPG-scaled.jpeg","_links":{"self":[{"href":"https:\/\/cshumlikon.ch\/index.php\/wp-json\/wp\/v2\/posts\/7932","targetHints":{"allow":["GET"]}}],"collection":[{"href":"https:\/\/cshumlikon.ch\/index.php\/wp-json\/wp\/v2\/posts"}],"about":[{"href":"https:\/\/cshumlikon.ch\/index.php\/wp-json\/wp\/v2\/types\/post"}],"author":[{"embeddable":true,"href":"https:\/\/cshumlikon.ch\/index.php\/wp-json\/wp\/v2\/users\/2"}],"replies":[{"embeddable":true,"href":"https:\/\/cshumlikon.ch\/index.php\/wp-json\/wp\/v2\/comments?post=7932"}],"version-history":[{"count":1,"href":"https:\/\/cshumlikon.ch\/index.php\/wp-json\/wp\/v2\/posts\/7932\/revisions"}],"predecessor-version":[{"id":7935,"href":"https:\/\/cshumlikon.ch\/index.php\/wp-json\/wp\/v2\/posts\/7932\/revisions\/7935"}],"wp:featuredmedia":[{"embeddable":true,"href":"https:\/\/cshumlikon.ch\/index.php\/wp-json\/wp\/v2\/media\/7934"}],"wp:attachment":[{"href":"https:\/\/cshumlikon.ch\/index.php\/wp-json\/wp\/v2\/media?parent=7932"}],"wp:term":[{"taxonomy":"category","embeddable":true,"href":"https:\/\/cshumlikon.ch\/index.php\/wp-json\/wp\/v2\/categories?post=7932"},{"taxonomy":"post_tag","embeddable":true,"href":"https:\/\/cshumlikon.ch\/index.php\/wp-json\/wp\/v2\/tags?post=7932"}],"curies":[{"name":"wp","href":"https:\/\/api.w.org\/{rel}","templated":true}]}}