{"id":7914,"date":"2026-09-04T13:10:43","date_gmt":"2026-09-04T13:10:43","guid":{"rendered":"https:\/\/cshumlikon.ch\/?p=7914"},"modified":"2026-09-04T13:10:45","modified_gmt":"2026-09-04T13:10:45","slug":"janick-widmer-vor-melanie-buchegger-im-r-n125","status":"publish","type":"post","link":"https:\/\/cshumlikon.ch\/index.php\/2026\/09\/04\/janick-widmer-vor-melanie-buchegger-im-r-n125\/","title":{"rendered":"Janick Widmer vor Melanie Buchegger im R\/N125"},"content":{"rendered":"\n<figure class=\"wp-block-image size-full\"><img data-recalc-dims=\"1\" decoding=\"async\" src=\"https:\/\/i0.wp.com\/cshumlikon.ch\/wp-content\/uploads\/2026\/09\/DSC_5440.JPG.jpeg?w=780&#038;ssl=1\" alt=\"\" class=\"wp-image-7915\"\/><\/figure>\n\n\n\n<p class=\"wp-block-paragraph\">Ab Startnummer 37 zitterte Melanie Buchegger um den Sieg. Mit dem neunj\u00e4hrigen Goldmoon, den sie selber ausgebildet hat, startete die angehende Fachfrau Gesundheit aus Bernhardzell im Preis der Z\u00fcrcher Kantonalbank, Andelfingen, erst zum dritten Mal in einem R\/N125. Fehlerfrei in 64.23 Sekunden \u00fcbernehmen sie die F\u00fchrung. Diese hielt bis zur Startnummer 71 und Janick Widmer.<\/p>\n\n\n\n<p class=\"wp-block-paragraph\"> Das Nachwuchstalent aus Rickenbach, das f\u00fcr dieses Jahr neu ins Programm Swiss Equestrian Top Talents aufgenommen wurde, schaffe es im Sattel von Eliot de Laubry Z die schnelle Zeit von Melanie Buchegger noch einmal um fast eine Sekunde zu unterbieten. \u00a0\u00abIch bin trotzdem sehr zufrieden\u00bb, freute sich Melanie Buchegger \u00fcber ihren 2. Platz, w\u00e4hrend Janick Widmer seiner langen Erfolgsliste einen weiteren Sieg hinzuf\u00fcgte. <\/p>\n\n\n\n<p class=\"wp-block-paragraph\">Mit nur einer Hundertstellsekunde R\u00fcckstand wurde Florence Schwizer-Seydoux, Oensingen, mit Jasmineblue val Henry Dritte vor Lilly Steinmann, W\u00e4ngi, mit ihrem beiden Pferden Sublime des Sources und Aranel CH.<\/p>\n\n\n\n<p class=\"wp-block-paragraph\">???? Fotos: Sportfoto Mo, www.sportfoto-mo.com<\/p>\n\n\n\n<p class=\"wp-block-paragraph\">????Ergebnisse: https:\/\/info.swiss-equestrian.ch\/#\/resultate\/veranstaltungen\/58797<\/p>\n\n\n\n<p class=\"wp-block-paragraph\"><\/p>\n","protected":false},"excerpt":{"rendered":"<p>Ab Startnummer 37 zitterte Melanie Buchegger um den Sieg. Mit dem neunj\u00e4hrigen Goldmoon, den sie&#8230;<\/p>\n","protected":false},"author":2,"featured_media":7915,"comment_status":"open","ping_status":"closed","sticky":false,"template":"","format":"standard","meta":{"_jetpack_newsletter_access":"","_jetpack_dont_email_post_to_subs":false,"_jetpack_newsletter_tier_id":0,"_jetpack_memberships_contains_paywalled_content":false,"_jetpack_memberships_contains_paid_content":false,"footnotes":""},"categories":[1],"tags":[],"class_list":["post-7914","post","type-post","status-publish","format-standard","has-post-thumbnail","hentry","category-uncategorized"],"jetpack_sharing_enabled":true,"jetpack_featured_media_url":"https:\/\/cshumlikon.ch\/wp-content\/uploads\/2026\/09\/DSC_5440.JPG-scaled.jpeg","_links":{"self":[{"href":"https:\/\/cshumlikon.ch\/index.php\/wp-json\/wp\/v2\/posts\/7914","targetHints":{"allow":["GET"]}}],"collection":[{"href":"https:\/\/cshumlikon.ch\/index.php\/wp-json\/wp\/v2\/posts"}],"about":[{"href":"https:\/\/cshumlikon.ch\/index.php\/wp-json\/wp\/v2\/types\/post"}],"author":[{"embeddable":true,"href":"https:\/\/cshumlikon.ch\/index.php\/wp-json\/wp\/v2\/users\/2"}],"replies":[{"embeddable":true,"href":"https:\/\/cshumlikon.ch\/index.php\/wp-json\/wp\/v2\/comments?post=7914"}],"version-history":[{"count":1,"href":"https:\/\/cshumlikon.ch\/index.php\/wp-json\/wp\/v2\/posts\/7914\/revisions"}],"predecessor-version":[{"id":7916,"href":"https:\/\/cshumlikon.ch\/index.php\/wp-json\/wp\/v2\/posts\/7914\/revisions\/7916"}],"wp:featuredmedia":[{"embeddable":true,"href":"https:\/\/cshumlikon.ch\/index.php\/wp-json\/wp\/v2\/media\/7915"}],"wp:attachment":[{"href":"https:\/\/cshumlikon.ch\/index.php\/wp-json\/wp\/v2\/media?parent=7914"}],"wp:term":[{"taxonomy":"category","embeddable":true,"href":"https:\/\/cshumlikon.ch\/index.php\/wp-json\/wp\/v2\/categories?post=7914"},{"taxonomy":"post_tag","embeddable":true,"href":"https:\/\/cshumlikon.ch\/index.php\/wp-json\/wp\/v2\/tags?post=7914"}],"curies":[{"name":"wp","href":"https:\/\/api.w.org\/{rel}","templated":true}]}}