{"id":7910,"date":"2026-09-04T10:14:20","date_gmt":"2026-09-04T10:14:20","guid":{"rendered":"https:\/\/cshumlikon.ch\/?p=7910"},"modified":"2026-09-04T10:14:22","modified_gmt":"2026-09-04T10:14:22","slug":"sieg-im-r-n120-fuer-jasmin-klaus-mit-new-edition","status":"publish","type":"post","link":"https:\/\/cshumlikon.ch\/index.php\/2026\/09\/04\/sieg-im-r-n120-fuer-jasmin-klaus-mit-new-edition\/","title":{"rendered":"Sieg im R\/N120 f\u00fcr Jasmin Klaus mit New Edition"},"content":{"rendered":"\n<figure class=\"wp-block-image size-large\"><img data-recalc-dims=\"1\" loading=\"lazy\" decoding=\"async\" width=\"780\" height=\"520\" src=\"https:\/\/i0.wp.com\/cshumlikon.ch\/wp-content\/uploads\/2026\/09\/DSC_2225.JPG-1.jpeg?resize=780%2C520&#038;ssl=1\" alt=\"\" class=\"wp-image-7911\" srcset=\"https:\/\/i0.wp.com\/cshumlikon.ch\/wp-content\/uploads\/2026\/09\/DSC_2225.JPG-1-scaled.jpeg?resize=1024%2C683&amp;ssl=1 1024w, https:\/\/i0.wp.com\/cshumlikon.ch\/wp-content\/uploads\/2026\/09\/DSC_2225.JPG-1-scaled.jpeg?resize=300%2C200&amp;ssl=1 300w, https:\/\/i0.wp.com\/cshumlikon.ch\/wp-content\/uploads\/2026\/09\/DSC_2225.JPG-1-scaled.jpeg?resize=768%2C512&amp;ssl=1 768w, https:\/\/i0.wp.com\/cshumlikon.ch\/wp-content\/uploads\/2026\/09\/DSC_2225.JPG-1-scaled.jpeg?resize=1536%2C1024&amp;ssl=1 1536w, https:\/\/i0.wp.com\/cshumlikon.ch\/wp-content\/uploads\/2026\/09\/DSC_2225.JPG-1-scaled.jpeg?resize=2048%2C1365&amp;ssl=1 2048w, https:\/\/i0.wp.com\/cshumlikon.ch\/wp-content\/uploads\/2026\/09\/DSC_2225.JPG-1-scaled.jpeg?resize=450%2C300&amp;ssl=1 450w, https:\/\/i0.wp.com\/cshumlikon.ch\/wp-content\/uploads\/2026\/09\/DSC_2225.JPG-1-scaled.jpeg?resize=1023%2C682&amp;ssl=1 1023w, https:\/\/i0.wp.com\/cshumlikon.ch\/wp-content\/uploads\/2026\/09\/DSC_2225.JPG-1-scaled.jpeg?w=2340&amp;ssl=1 2340w\" sizes=\"auto, (max-width: 780px) 100vw, 780px\" \/><\/figure>\n\n\n\n<p class=\"wp-block-paragraph\">Der erste Pr\u00fcfung des 3. Turniertages am LerchPartner.ch CS Humlikon, der Preis der SCHERRER Geb\u00e4udeh\u00fcllen AG, ein R\/N120 das zum OCC Cup 2026\/2027 war fest in Amazonen-Hand. Jasmin Klaus aus Wald gewann das Zweiphasen-Springen \u00abSpecial\u00bb im Sattel des 8-j\u00e4hrigen Holl\u00e4nders New Edition S vor Emily Mason, W\u00e4ngi, mit Quincy XIV und Nina Birrer, Emmen, mit Pamina. Der 4. Rang ging an Felicia Keller mit Quarter Past, vor dem ersten m\u00e4nnlichen Teilnehmer im Klassement, Janick Widmer, Rickenbach, mit Lady in Black.<\/p>\n\n\n\n<p class=\"wp-block-paragraph\">???? Fotos: Sportfoto Mo, www.sportfoto-mo.com<\/p>\n\n\n\n<p class=\"wp-block-paragraph\">????Ergebnisse: https:\/\/info.swiss-equestrian.ch\/#\/resultate\/veranstaltungen\/58797<\/p>\n\n\n\n<figure class=\"wp-block-image size-large\"><img data-recalc-dims=\"1\" loading=\"lazy\" decoding=\"async\" width=\"780\" height=\"520\" src=\"https:\/\/i0.wp.com\/cshumlikon.ch\/wp-content\/uploads\/2026\/09\/DSC_1566.JPG-1.jpeg?resize=780%2C520&#038;ssl=1\" alt=\"\" class=\"wp-image-7912\" srcset=\"https:\/\/i0.wp.com\/cshumlikon.ch\/wp-content\/uploads\/2026\/09\/DSC_1566.JPG-1-scaled.jpeg?resize=1024%2C683&amp;ssl=1 1024w, https:\/\/i0.wp.com\/cshumlikon.ch\/wp-content\/uploads\/2026\/09\/DSC_1566.JPG-1-scaled.jpeg?resize=300%2C200&amp;ssl=1 300w, https:\/\/i0.wp.com\/cshumlikon.ch\/wp-content\/uploads\/2026\/09\/DSC_1566.JPG-1-scaled.jpeg?resize=768%2C512&amp;ssl=1 768w, https:\/\/i0.wp.com\/cshumlikon.ch\/wp-content\/uploads\/2026\/09\/DSC_1566.JPG-1-scaled.jpeg?resize=1536%2C1024&amp;ssl=1 1536w, https:\/\/i0.wp.com\/cshumlikon.ch\/wp-content\/uploads\/2026\/09\/DSC_1566.JPG-1-scaled.jpeg?resize=2048%2C1365&amp;ssl=1 2048w, https:\/\/i0.wp.com\/cshumlikon.ch\/wp-content\/uploads\/2026\/09\/DSC_1566.JPG-1-scaled.jpeg?resize=450%2C300&amp;ssl=1 450w, https:\/\/i0.wp.com\/cshumlikon.ch\/wp-content\/uploads\/2026\/09\/DSC_1566.JPG-1-scaled.jpeg?resize=1023%2C682&amp;ssl=1 1023w, https:\/\/i0.wp.com\/cshumlikon.ch\/wp-content\/uploads\/2026\/09\/DSC_1566.JPG-1-scaled.jpeg?w=2340&amp;ssl=1 2340w\" sizes=\"auto, (max-width: 780px) 100vw, 780px\" \/><\/figure>\n","protected":false},"excerpt":{"rendered":"<p>Der erste Pr\u00fcfung des 3. Turniertages am LerchPartner.ch CS Humlikon, der Preis der SCHERRER Geb\u00e4udeh\u00fcllen&#8230;<\/p>\n","protected":false},"author":2,"featured_media":7911,"comment_status":"open","ping_status":"closed","sticky":false,"template":"","format":"standard","meta":{"_jetpack_newsletter_access":"","_jetpack_dont_email_post_to_subs":false,"_jetpack_newsletter_tier_id":0,"_jetpack_memberships_contains_paywalled_content":false,"_jetpack_memberships_contains_paid_content":false,"footnotes":""},"categories":[1],"tags":[],"class_list":["post-7910","post","type-post","status-publish","format-standard","has-post-thumbnail","hentry","category-uncategorized"],"jetpack_sharing_enabled":true,"jetpack_featured_media_url":"https:\/\/cshumlikon.ch\/wp-content\/uploads\/2026\/09\/DSC_2225.JPG-1-scaled.jpeg","_links":{"self":[{"href":"https:\/\/cshumlikon.ch\/index.php\/wp-json\/wp\/v2\/posts\/7910","targetHints":{"allow":["GET"]}}],"collection":[{"href":"https:\/\/cshumlikon.ch\/index.php\/wp-json\/wp\/v2\/posts"}],"about":[{"href":"https:\/\/cshumlikon.ch\/index.php\/wp-json\/wp\/v2\/types\/post"}],"author":[{"embeddable":true,"href":"https:\/\/cshumlikon.ch\/index.php\/wp-json\/wp\/v2\/users\/2"}],"replies":[{"embeddable":true,"href":"https:\/\/cshumlikon.ch\/index.php\/wp-json\/wp\/v2\/comments?post=7910"}],"version-history":[{"count":1,"href":"https:\/\/cshumlikon.ch\/index.php\/wp-json\/wp\/v2\/posts\/7910\/revisions"}],"predecessor-version":[{"id":7913,"href":"https:\/\/cshumlikon.ch\/index.php\/wp-json\/wp\/v2\/posts\/7910\/revisions\/7913"}],"wp:featuredmedia":[{"embeddable":true,"href":"https:\/\/cshumlikon.ch\/index.php\/wp-json\/wp\/v2\/media\/7911"}],"wp:attachment":[{"href":"https:\/\/cshumlikon.ch\/index.php\/wp-json\/wp\/v2\/media?parent=7910"}],"wp:term":[{"taxonomy":"category","embeddable":true,"href":"https:\/\/cshumlikon.ch\/index.php\/wp-json\/wp\/v2\/categories?post=7910"},{"taxonomy":"post_tag","embeddable":true,"href":"https:\/\/cshumlikon.ch\/index.php\/wp-json\/wp\/v2\/tags?post=7910"}],"curies":[{"name":"wp","href":"https:\/\/api.w.org\/{rel}","templated":true}]}}