{"id":7902,"date":"2026-09-03T19:38:57","date_gmt":"2026-09-03T19:38:57","guid":{"rendered":"https:\/\/cshumlikon.ch\/?p=7902"},"modified":"2026-09-03T19:39:21","modified_gmt":"2026-09-03T19:39:21","slug":"juniorin-kim-rieser-war-die-schnellste-im-r-n110","status":"publish","type":"post","link":"https:\/\/cshumlikon.ch\/index.php\/2026\/09\/03\/juniorin-kim-rieser-war-die-schnellste-im-r-n110\/","title":{"rendered":"Juniorin Kim Rieser war die Schnellste im R\/N110"},"content":{"rendered":"\n<figure class=\"wp-block-image size-large\"><img data-recalc-dims=\"1\" loading=\"lazy\" decoding=\"async\" width=\"780\" height=\"596\" src=\"https:\/\/i0.wp.com\/cshumlikon.ch\/wp-content\/uploads\/2026\/09\/DSC_6635.JPG.jpeg?resize=780%2C596&#038;ssl=1\" alt=\"\" class=\"wp-image-7903\" srcset=\"https:\/\/i0.wp.com\/cshumlikon.ch\/wp-content\/uploads\/2026\/09\/DSC_6635.JPG-scaled.jpeg?resize=1024%2C783&amp;ssl=1 1024w, https:\/\/i0.wp.com\/cshumlikon.ch\/wp-content\/uploads\/2026\/09\/DSC_6635.JPG-scaled.jpeg?resize=300%2C229&amp;ssl=1 300w, https:\/\/i0.wp.com\/cshumlikon.ch\/wp-content\/uploads\/2026\/09\/DSC_6635.JPG-scaled.jpeg?resize=767%2C586&amp;ssl=1 767w, https:\/\/i0.wp.com\/cshumlikon.ch\/wp-content\/uploads\/2026\/09\/DSC_6635.JPG-scaled.jpeg?resize=1536%2C1174&amp;ssl=1 1536w, https:\/\/i0.wp.com\/cshumlikon.ch\/wp-content\/uploads\/2026\/09\/DSC_6635.JPG-scaled.jpeg?resize=2048%2C1565&amp;ssl=1 2048w, https:\/\/i0.wp.com\/cshumlikon.ch\/wp-content\/uploads\/2026\/09\/DSC_6635.JPG-scaled.jpeg?resize=1023%2C782&amp;ssl=1 1023w, https:\/\/i0.wp.com\/cshumlikon.ch\/wp-content\/uploads\/2026\/09\/DSC_6635.JPG-scaled.jpeg?w=2340&amp;ssl=1 2340w\" sizes=\"auto, (max-width: 780px) 100vw, 780px\" \/><\/figure>\n\n\n\n<p class=\"wp-block-paragraph\">Im Preis der Preis der Steger AG, einem R\/N110, das zum OCC Cup 2026\/2027 z\u00e4hlt, durfte Patrick Rohrer den Ehrenpreis f\u00fcr die Siegerin an Kim Rieser \u00fcbergeben. Die talentierte Juniorin aus Eschlikon blieb im Sattel der der 10-j\u00e4hrigen Selle-Fran\u00e7ais-Stute Gaia de la Cense fehlerfrei und liess mit ihrer Zeit von 36.21 Sekunden das fast 70-k\u00f6pfige Starterfeld hinter sich. Fast drei Sekunden l\u00e4nger ben\u00f6tigte Stefanie Huber, Schaffhausen, mit Ultimate Sense f\u00fcr den zweitschnellsten Nuller. Der 3. Rang ging an Monika Kr\u00e4henb\u00fchl, Russikon, mit der Holl\u00e4nderstute Lisemorka vor Alex Eisenring, Weingarten, mit Crumble, und Janis Schneebeli, Wil, mit Be Asturias.<\/p>\n\n\n\n<p class=\"wp-block-paragraph\">???? Fotos: Sportfoto Mo, www.sportfoto-mo.com<\/p>\n\n\n\n<p class=\"wp-block-paragraph\">????Ergebnisse: https:\/\/info.swiss-equestrian.ch\/#\/resultate\/veranstaltungen\/58797<\/p>\n\n\n\n<figure class=\"wp-block-image size-large\"><img data-recalc-dims=\"1\" loading=\"lazy\" decoding=\"async\" width=\"780\" height=\"520\" src=\"https:\/\/i0.wp.com\/cshumlikon.ch\/wp-content\/uploads\/2026\/09\/DSC_4899.JPG.jpeg?resize=780%2C520&#038;ssl=1\" alt=\"\" class=\"wp-image-7904\" srcset=\"https:\/\/i0.wp.com\/cshumlikon.ch\/wp-content\/uploads\/2026\/09\/DSC_4899.JPG-scaled.jpeg?resize=1024%2C683&amp;ssl=1 1024w, https:\/\/i0.wp.com\/cshumlikon.ch\/wp-content\/uploads\/2026\/09\/DSC_4899.JPG-scaled.jpeg?resize=300%2C200&amp;ssl=1 300w, https:\/\/i0.wp.com\/cshumlikon.ch\/wp-content\/uploads\/2026\/09\/DSC_4899.JPG-scaled.jpeg?resize=768%2C512&amp;ssl=1 768w, https:\/\/i0.wp.com\/cshumlikon.ch\/wp-content\/uploads\/2026\/09\/DSC_4899.JPG-scaled.jpeg?resize=1536%2C1024&amp;ssl=1 1536w, https:\/\/i0.wp.com\/cshumlikon.ch\/wp-content\/uploads\/2026\/09\/DSC_4899.JPG-scaled.jpeg?resize=2048%2C1365&amp;ssl=1 2048w, https:\/\/i0.wp.com\/cshumlikon.ch\/wp-content\/uploads\/2026\/09\/DSC_4899.JPG-scaled.jpeg?resize=450%2C300&amp;ssl=1 450w, https:\/\/i0.wp.com\/cshumlikon.ch\/wp-content\/uploads\/2026\/09\/DSC_4899.JPG-scaled.jpeg?resize=1023%2C682&amp;ssl=1 1023w, https:\/\/i0.wp.com\/cshumlikon.ch\/wp-content\/uploads\/2026\/09\/DSC_4899.JPG-scaled.jpeg?w=2340&amp;ssl=1 2340w\" sizes=\"auto, (max-width: 780px) 100vw, 780px\" \/><\/figure>\n\n\n\n<p class=\"wp-block-paragraph\"><\/p>\n","protected":false},"excerpt":{"rendered":"<p>Im Preis der Preis der Steger AG, einem R\/N110, das zum OCC Cup 2026\/2027 z\u00e4hlt,&#8230;<\/p>\n","protected":false},"author":2,"featured_media":7903,"comment_status":"open","ping_status":"closed","sticky":false,"template":"","format":"standard","meta":{"_jetpack_newsletter_access":"","_jetpack_dont_email_post_to_subs":false,"_jetpack_newsletter_tier_id":0,"_jetpack_memberships_contains_paywalled_content":false,"_jetpack_memberships_contains_paid_content":false,"footnotes":""},"categories":[1],"tags":[],"class_list":["post-7902","post","type-post","status-publish","format-standard","has-post-thumbnail","hentry","category-uncategorized"],"jetpack_sharing_enabled":true,"jetpack_featured_media_url":"https:\/\/cshumlikon.ch\/wp-content\/uploads\/2026\/09\/DSC_6635.JPG-scaled.jpeg","_links":{"self":[{"href":"https:\/\/cshumlikon.ch\/index.php\/wp-json\/wp\/v2\/posts\/7902","targetHints":{"allow":["GET"]}}],"collection":[{"href":"https:\/\/cshumlikon.ch\/index.php\/wp-json\/wp\/v2\/posts"}],"about":[{"href":"https:\/\/cshumlikon.ch\/index.php\/wp-json\/wp\/v2\/types\/post"}],"author":[{"embeddable":true,"href":"https:\/\/cshumlikon.ch\/index.php\/wp-json\/wp\/v2\/users\/2"}],"replies":[{"embeddable":true,"href":"https:\/\/cshumlikon.ch\/index.php\/wp-json\/wp\/v2\/comments?post=7902"}],"version-history":[{"count":1,"href":"https:\/\/cshumlikon.ch\/index.php\/wp-json\/wp\/v2\/posts\/7902\/revisions"}],"predecessor-version":[{"id":7905,"href":"https:\/\/cshumlikon.ch\/index.php\/wp-json\/wp\/v2\/posts\/7902\/revisions\/7905"}],"wp:featuredmedia":[{"embeddable":true,"href":"https:\/\/cshumlikon.ch\/index.php\/wp-json\/wp\/v2\/media\/7903"}],"wp:attachment":[{"href":"https:\/\/cshumlikon.ch\/index.php\/wp-json\/wp\/v2\/media?parent=7902"}],"wp:term":[{"taxonomy":"category","embeddable":true,"href":"https:\/\/cshumlikon.ch\/index.php\/wp-json\/wp\/v2\/categories?post=7902"},{"taxonomy":"post_tag","embeddable":true,"href":"https:\/\/cshumlikon.ch\/index.php\/wp-json\/wp\/v2\/tags?post=7902"}],"curies":[{"name":"wp","href":"https:\/\/api.w.org\/{rel}","templated":true}]}}