{"id":7881,"date":"2026-09-02T17:09:19","date_gmt":"2026-09-02T17:09:19","guid":{"rendered":"https:\/\/cshumlikon.ch\/?p=7881"},"modified":"2026-09-02T17:09:21","modified_gmt":"2026-09-02T17:09:21","slug":"nicole-gubler-siegt-im-b85-b-r90","status":"publish","type":"post","link":"https:\/\/cshumlikon.ch\/index.php\/2026\/09\/02\/nicole-gubler-siegt-im-b85-b-r90\/","title":{"rendered":"Nicole Gubler siegt im B85\/B\/R90"},"content":{"rendered":"\n<figure class=\"wp-block-image size-large\"><img data-recalc-dims=\"1\" loading=\"lazy\" decoding=\"async\" width=\"780\" height=\"520\" src=\"https:\/\/i0.wp.com\/cshumlikon.ch\/wp-content\/uploads\/2026\/09\/DSC_4025.JPG.jpeg?resize=780%2C520&#038;ssl=1\" alt=\"\" class=\"wp-image-7882\" srcset=\"https:\/\/i0.wp.com\/cshumlikon.ch\/wp-content\/uploads\/2026\/09\/DSC_4025.JPG-scaled.jpeg?resize=1024%2C683&amp;ssl=1 1024w, https:\/\/i0.wp.com\/cshumlikon.ch\/wp-content\/uploads\/2026\/09\/DSC_4025.JPG-scaled.jpeg?resize=300%2C200&amp;ssl=1 300w, https:\/\/i0.wp.com\/cshumlikon.ch\/wp-content\/uploads\/2026\/09\/DSC_4025.JPG-scaled.jpeg?resize=768%2C512&amp;ssl=1 768w, https:\/\/i0.wp.com\/cshumlikon.ch\/wp-content\/uploads\/2026\/09\/DSC_4025.JPG-scaled.jpeg?resize=1536%2C1024&amp;ssl=1 1536w, https:\/\/i0.wp.com\/cshumlikon.ch\/wp-content\/uploads\/2026\/09\/DSC_4025.JPG-scaled.jpeg?resize=2048%2C1365&amp;ssl=1 2048w, https:\/\/i0.wp.com\/cshumlikon.ch\/wp-content\/uploads\/2026\/09\/DSC_4025.JPG-scaled.jpeg?resize=450%2C300&amp;ssl=1 450w, https:\/\/i0.wp.com\/cshumlikon.ch\/wp-content\/uploads\/2026\/09\/DSC_4025.JPG-scaled.jpeg?resize=1023%2C682&amp;ssl=1 1023w, https:\/\/i0.wp.com\/cshumlikon.ch\/wp-content\/uploads\/2026\/09\/DSC_4025.JPG-scaled.jpeg?w=2340&amp;ssl=1 2340w\" sizes=\"auto, (max-width: 780px) 100vw, 780px\" \/><\/figure>\n\n\n\n<p class=\"wp-block-paragraph\">Der Preis des Gesundheitszentraum Weinland, einem B85\/B\/R95, geht an Nicole Gubler. Die Reiterin aus Dachsen ging im Sattel ihrer 13-j\u00e4hrigen Hannoveraner-Stute Skyline S als sechste Teilnehmerin an den Start \u2013 und ihre fehlerfrei Runde in der zweiten Phase in 23.01 Sekunden wurden von den folgenden Reiterinnen und Reitern nicht mehr unterboten. Mit einem knappen R\u00fcckstand von 0.48 Sekunden Zweite wurde die Juniorin Ladina Kubasch aus Winterthur mit Quick Step, der seinen Namen alle Ehre machte, vor Andries Diener aus Z\u00fcrich mit Colima von Hof CH. Die Pl\u00e4tze 4 belegten wie in der Vorpr\u00fcfung Xenia K\u00f6hli aus Nohl mit Captain\u2019s Pleasure vor Lya Valentina Graf mit Unlimited II, die in der ersten Pr\u00fcfung Dritte waren. &nbsp;<\/p>\n\n\n\n<p class=\"wp-block-paragraph\">Fotos: Sportfoto Mo, &nbsp;<a href=\"http:\/\/www.sportfoto-mo.com\">www.sportfoto-mo.com<\/a><br>Ergebnisse: <a href=\"https:\/\/info.swiss-equestrian.ch\/#\/resultate\/veranstaltungen\/58797\">https:\/\/info.swiss-equestrian.ch\/#\/resultate\/veranstaltungen\/58797<\/a><br>Weitere Infos: www.cshumlikon.ch<\/p>\n\n\n\n<figure class=\"wp-block-image size-large\"><img data-recalc-dims=\"1\" loading=\"lazy\" decoding=\"async\" width=\"780\" height=\"520\" src=\"https:\/\/i0.wp.com\/cshumlikon.ch\/wp-content\/uploads\/2026\/09\/DSC_0523.JPG.jpeg?resize=780%2C520&#038;ssl=1\" alt=\"\" class=\"wp-image-7883\" srcset=\"https:\/\/i0.wp.com\/cshumlikon.ch\/wp-content\/uploads\/2026\/09\/DSC_0523.JPG-scaled.jpeg?resize=1024%2C683&amp;ssl=1 1024w, https:\/\/i0.wp.com\/cshumlikon.ch\/wp-content\/uploads\/2026\/09\/DSC_0523.JPG-scaled.jpeg?resize=300%2C200&amp;ssl=1 300w, https:\/\/i0.wp.com\/cshumlikon.ch\/wp-content\/uploads\/2026\/09\/DSC_0523.JPG-scaled.jpeg?resize=768%2C512&amp;ssl=1 768w, https:\/\/i0.wp.com\/cshumlikon.ch\/wp-content\/uploads\/2026\/09\/DSC_0523.JPG-scaled.jpeg?resize=1536%2C1024&amp;ssl=1 1536w, https:\/\/i0.wp.com\/cshumlikon.ch\/wp-content\/uploads\/2026\/09\/DSC_0523.JPG-scaled.jpeg?resize=2048%2C1365&amp;ssl=1 2048w, https:\/\/i0.wp.com\/cshumlikon.ch\/wp-content\/uploads\/2026\/09\/DSC_0523.JPG-scaled.jpeg?resize=450%2C300&amp;ssl=1 450w, https:\/\/i0.wp.com\/cshumlikon.ch\/wp-content\/uploads\/2026\/09\/DSC_0523.JPG-scaled.jpeg?resize=1023%2C682&amp;ssl=1 1023w, https:\/\/i0.wp.com\/cshumlikon.ch\/wp-content\/uploads\/2026\/09\/DSC_0523.JPG-scaled.jpeg?w=2340&amp;ssl=1 2340w\" sizes=\"auto, (max-width: 780px) 100vw, 780px\" \/><\/figure>\n","protected":false},"excerpt":{"rendered":"<p>Der Preis des Gesundheitszentraum Weinland, einem B85\/B\/R95, geht an Nicole Gubler. Die Reiterin aus Dachsen&#8230;<\/p>\n","protected":false},"author":2,"featured_media":7882,"comment_status":"open","ping_status":"closed","sticky":false,"template":"","format":"standard","meta":{"_jetpack_newsletter_access":"","_jetpack_dont_email_post_to_subs":false,"_jetpack_newsletter_tier_id":0,"_jetpack_memberships_contains_paywalled_content":false,"_jetpack_memberships_contains_paid_content":false,"footnotes":""},"categories":[1],"tags":[],"class_list":["post-7881","post","type-post","status-publish","format-standard","has-post-thumbnail","hentry","category-uncategorized"],"jetpack_sharing_enabled":true,"jetpack_featured_media_url":"https:\/\/cshumlikon.ch\/wp-content\/uploads\/2026\/09\/DSC_4025.JPG-scaled.jpeg","_links":{"self":[{"href":"https:\/\/cshumlikon.ch\/index.php\/wp-json\/wp\/v2\/posts\/7881","targetHints":{"allow":["GET"]}}],"collection":[{"href":"https:\/\/cshumlikon.ch\/index.php\/wp-json\/wp\/v2\/posts"}],"about":[{"href":"https:\/\/cshumlikon.ch\/index.php\/wp-json\/wp\/v2\/types\/post"}],"author":[{"embeddable":true,"href":"https:\/\/cshumlikon.ch\/index.php\/wp-json\/wp\/v2\/users\/2"}],"replies":[{"embeddable":true,"href":"https:\/\/cshumlikon.ch\/index.php\/wp-json\/wp\/v2\/comments?post=7881"}],"version-history":[{"count":1,"href":"https:\/\/cshumlikon.ch\/index.php\/wp-json\/wp\/v2\/posts\/7881\/revisions"}],"predecessor-version":[{"id":7884,"href":"https:\/\/cshumlikon.ch\/index.php\/wp-json\/wp\/v2\/posts\/7881\/revisions\/7884"}],"wp:featuredmedia":[{"embeddable":true,"href":"https:\/\/cshumlikon.ch\/index.php\/wp-json\/wp\/v2\/media\/7882"}],"wp:attachment":[{"href":"https:\/\/cshumlikon.ch\/index.php\/wp-json\/wp\/v2\/media?parent=7881"}],"wp:term":[{"taxonomy":"category","embeddable":true,"href":"https:\/\/cshumlikon.ch\/index.php\/wp-json\/wp\/v2\/categories?post=7881"},{"taxonomy":"post_tag","embeddable":true,"href":"https:\/\/cshumlikon.ch\/index.php\/wp-json\/wp\/v2\/tags?post=7881"}],"curies":[{"name":"wp","href":"https:\/\/api.w.org\/{rel}","templated":true}]}}