{"id":7712,"date":"2025-09-07T12:57:22","date_gmt":"2025-09-07T12:57:22","guid":{"rendered":"https:\/\/cshumlikon.ch\/?p=7712"},"modified":"2025-09-07T15:41:41","modified_gmt":"2025-09-07T15:41:41","slug":"koenemann-gewinnt-das-n140-mit-ueber-4-sekunden-vorsprung","status":"publish","type":"post","link":"https:\/\/cshumlikon.ch\/index.php\/2025\/09\/07\/koenemann-gewinnt-das-n140-mit-ueber-4-sekunden-vorsprung\/","title":{"rendered":"K\u00f6nemann gewinnt das N140 mit \u00fcber 4 Sekunden Vorsprung"},"content":{"rendered":"\n<figure class=\"wp-block-image size-large\"><img data-recalc-dims=\"1\" loading=\"lazy\" decoding=\"async\" width=\"780\" height=\"520\" src=\"https:\/\/i0.wp.com\/cshumlikon.ch\/wp-content\/uploads\/2025\/09\/DSC_8545.jpg?resize=780%2C520&#038;ssl=1\" alt=\"\" class=\"wp-image-7714\" srcset=\"https:\/\/i0.wp.com\/cshumlikon.ch\/wp-content\/uploads\/2025\/09\/DSC_8545-scaled.jpg?resize=1024%2C683&amp;ssl=1 1024w, https:\/\/i0.wp.com\/cshumlikon.ch\/wp-content\/uploads\/2025\/09\/DSC_8545-scaled.jpg?resize=300%2C200&amp;ssl=1 300w, https:\/\/i0.wp.com\/cshumlikon.ch\/wp-content\/uploads\/2025\/09\/DSC_8545-scaled.jpg?w=1560&amp;ssl=1 1560w, https:\/\/i0.wp.com\/cshumlikon.ch\/wp-content\/uploads\/2025\/09\/DSC_8545-scaled.jpg?w=2340&amp;ssl=1 2340w\" sizes=\"auto, (max-width: 780px) 100vw, 780px\" \/><\/figure>\n\n\n\n<p>Vor den Augen seiner Arbeitgeberin lieferte Christoph K\u00f6nemann, stellvertretender Betriebsleiter und Bereiter im Sportstall von Tina Pol in Steinhausen, im Preis der Familie Huber, eine wahre Machtdemonstration: Im Sattel des 9-j\u00e4hrigen Schwedenwallachs Dreamliner zog der geb\u00fcrtige Deutsche, der seit mehr als zehn Jahren in der Schweiz lebt und arbeitet, der Konkurrenz davon. Er blieb fehlerfrei und zeigte die mit Abstand schnellste Runde: Er war 4,23 Sekunden schneller als die Zweitplatzierte Lilly Steinmann, W\u00e4ngi, mit Jivago GG de la Saveniere, die w\u00e4hrend lange gef\u00fchrt hatte. Der 3. Rang ging an den mit einer Gast-Lizenz startenden Polen Kasper Niewiadomski im Sattel der Holsteinerstute Calamanda vor Jacky Studer, D\u00e9lemont, mit Umagne CH und Roland Grimm, Niederb\u00fcren, mit Captain.<\/p>\n\n\n\n<p>Eine sehr schnelle Runde gelang auch Melanie Freim\u00fcller im Sattel von Dora R\u00fctimanns Carino B, der sich mit seinen 18 Jahren topfit zeigte: Ihre Zeit h\u00e4tte f\u00fcr den 2. Rang in diesem N140 gereicht, ein Abwurf warf das Paar aber leider auf Rang 15 zur\u00fcck.<\/p>\n\n\n\n<p>Fotos: <a href=\"https:\/\/l.facebook.com\/l.php?u=https%3A%2F%2Fwww.sportfoto-mo.com%2F%3Ffbclid%3DIwZXh0bgNhZW0CMTAAYnJpZBEwZFM1bDEySm1zbk9hdjkyUQEempYsfI9oRN80BJB8ZHLoEoDFgK1GggZj1v0Td5zY-X7DFUj4xQoLYSTbIVA_aem_zsGjMbcYqUFI0tEcPqbx1w&amp;h=AT2BEf4pIOTBpQpqW4k-hUSwn-UOK-vMpAe06Fk3W532FvajBBoyaiz83UleAqqzpaD2_7V8Sq1tbu9QNU0P7JGfyVbEUAbcVtWbGacc0NWfNn1xjUCY_v90Dmo3LdqLT6d92CVd8QhVWA&amp;__tn__=-UK-R&amp;c%5b0%5d=AT005K5OuOpy3g96mBjcnsk2lus_Vd9Jvgebr4euv8wsXRJ2QBJgk3Ry-z8UbJjur8KSK7-lGCm1KhuT3VZH14xDbjfxfykyN0V_CiWnX-k99_OyEgmtmxqfBCvAFw-2V4WQeEjFEq3sHuu6IeEhGuEFYidI-d7g9w_5TAPjhg\" target=\"_blank\" rel=\"noreferrer noopener\"><strong>https:\/\/www.sportfoto-mo.com\/<\/strong><\/a><\/p>\n\n\n\n<p>Hier geht\u2019s zu den vollst\u00e4ndigen Ranglisten: <a href=\"https:\/\/info.swiss-equestrian.ch\/#\/resultate\/veranstaltungen\/57996\">https:\/\/info.swiss-equestrian.ch\/#\/resultate\/veranstaltungen\/57996<\/a><\/p>\n\n\n\n<figure class=\"wp-block-image size-large\"><img data-recalc-dims=\"1\" loading=\"lazy\" decoding=\"async\" width=\"780\" height=\"491\" src=\"https:\/\/i0.wp.com\/cshumlikon.ch\/wp-content\/uploads\/2025\/09\/DSC_0560.jpg?resize=780%2C491&#038;ssl=1\" alt=\"\" class=\"wp-image-7715\" srcset=\"https:\/\/i0.wp.com\/cshumlikon.ch\/wp-content\/uploads\/2025\/09\/DSC_0560-scaled.jpg?resize=1024%2C645&amp;ssl=1 1024w, https:\/\/i0.wp.com\/cshumlikon.ch\/wp-content\/uploads\/2025\/09\/DSC_0560-scaled.jpg?resize=300%2C189&amp;ssl=1 300w, https:\/\/i0.wp.com\/cshumlikon.ch\/wp-content\/uploads\/2025\/09\/DSC_0560-scaled.jpg?w=1560&amp;ssl=1 1560w, https:\/\/i0.wp.com\/cshumlikon.ch\/wp-content\/uploads\/2025\/09\/DSC_0560-scaled.jpg?w=2340&amp;ssl=1 2340w\" sizes=\"auto, (max-width: 780px) 100vw, 780px\" \/><\/figure>\n","protected":false},"excerpt":{"rendered":"<p>Vor den Augen seiner Arbeitgeberin lieferte Christoph K\u00f6nemann, stellvertretender Betriebsleiter und Bereiter im Sportstall von&#8230;<\/p>\n","protected":false},"author":2,"featured_media":7714,"comment_status":"open","ping_status":"closed","sticky":false,"template":"","format":"standard","meta":{"_jetpack_memberships_contains_paid_content":false,"footnotes":""},"categories":[1],"tags":[],"class_list":["post-7712","post","type-post","status-publish","format-standard","has-post-thumbnail","hentry","category-uncategorized"],"jetpack_featured_media_url":"https:\/\/cshumlikon.ch\/wp-content\/uploads\/2025\/09\/DSC_8545-scaled.jpg","jetpack_sharing_enabled":true,"_links":{"self":[{"href":"https:\/\/cshumlikon.ch\/index.php\/wp-json\/wp\/v2\/posts\/7712","targetHints":{"allow":["GET"]}}],"collection":[{"href":"https:\/\/cshumlikon.ch\/index.php\/wp-json\/wp\/v2\/posts"}],"about":[{"href":"https:\/\/cshumlikon.ch\/index.php\/wp-json\/wp\/v2\/types\/post"}],"author":[{"embeddable":true,"href":"https:\/\/cshumlikon.ch\/index.php\/wp-json\/wp\/v2\/users\/2"}],"replies":[{"embeddable":true,"href":"https:\/\/cshumlikon.ch\/index.php\/wp-json\/wp\/v2\/comments?post=7712"}],"version-history":[{"count":2,"href":"https:\/\/cshumlikon.ch\/index.php\/wp-json\/wp\/v2\/posts\/7712\/revisions"}],"predecessor-version":[{"id":7718,"href":"https:\/\/cshumlikon.ch\/index.php\/wp-json\/wp\/v2\/posts\/7712\/revisions\/7718"}],"wp:featuredmedia":[{"embeddable":true,"href":"https:\/\/cshumlikon.ch\/index.php\/wp-json\/wp\/v2\/media\/7714"}],"wp:attachment":[{"href":"https:\/\/cshumlikon.ch\/index.php\/wp-json\/wp\/v2\/media?parent=7712"}],"wp:term":[{"taxonomy":"category","embeddable":true,"href":"https:\/\/cshumlikon.ch\/index.php\/wp-json\/wp\/v2\/categories?post=7712"},{"taxonomy":"post_tag","embeddable":true,"href":"https:\/\/cshumlikon.ch\/index.php\/wp-json\/wp\/v2\/tags?post=7712"}],"curies":[{"name":"wp","href":"https:\/\/api.w.org\/{rel}","templated":true}]}}