{"id":7574,"date":"2025-09-04T18:57:36","date_gmt":"2025-09-04T18:57:36","guid":{"rendered":"https:\/\/cshumlikon.ch\/?p=7574"},"modified":"2025-09-04T18:57:37","modified_gmt":"2025-09-04T18:57:37","slug":"madelaine-eisenegger-gewinnt-auch-das-r-n115","status":"publish","type":"post","link":"https:\/\/cshumlikon.ch\/index.php\/2025\/09\/04\/madelaine-eisenegger-gewinnt-auch-das-r-n115\/","title":{"rendered":"Madelaine Eisenegger gewinnt auch das R\/N115"},"content":{"rendered":"\n<figure class=\"wp-block-image size-large\"><img data-recalc-dims=\"1\" loading=\"lazy\" decoding=\"async\" width=\"780\" height=\"672\" src=\"https:\/\/i0.wp.com\/cshumlikon.ch\/wp-content\/uploads\/2025\/09\/WhatsApp-Image-2025-09-04-at-20.19.11.jpeg?resize=780%2C672&#038;ssl=1\" alt=\"\" class=\"wp-image-7576\" srcset=\"https:\/\/i0.wp.com\/cshumlikon.ch\/wp-content\/uploads\/2025\/09\/WhatsApp-Image-2025-09-04-at-20.19.11.jpeg?resize=1024%2C882&amp;ssl=1 1024w, https:\/\/i0.wp.com\/cshumlikon.ch\/wp-content\/uploads\/2025\/09\/WhatsApp-Image-2025-09-04-at-20.19.11.jpeg?resize=300%2C258&amp;ssl=1 300w, https:\/\/i0.wp.com\/cshumlikon.ch\/wp-content\/uploads\/2025\/09\/WhatsApp-Image-2025-09-04-at-20.19.11.jpeg?w=1500&amp;ssl=1 1500w\" sizes=\"auto, (max-width: 780px) 100vw, 780px\" \/><\/figure>\n\n\n\n<p>Es herrschte ein bisschen ungem\u00fctliches Wetter f\u00fcr die letzte Pr\u00fcfung des Tages, den Preis vom Team Fuchs. Es war regnerisch, windig und es dunkelte bereits ein. 44 Reiterinnen und Reiter konnte das nicht abschrecken: sie traten trotzdem zum R\/N115 nach Wertung A mit Zeitmessung an.<\/p>\n\n\n\n<p>Der Sieg ging dabei wie schon in der Vorpr\u00fcfung an die Gossauer Juniorin Madelaine Eisenegger mit der 9-j\u00e4hrigen Stute I&#8217;m A Special Girl HAB Z. Die saubere, blitzschnelle Runde dieses Paares war an dem Abend nicht zu schlagen. Lilly Steinmann aus W\u00e4ngi musste erneut mit dem zweiten Platz vorlieb nehmen, diesmal im Sattel des erst 6-j\u00e4hrigen Aranel CH. Der 3. Rang ging an Hannah Vetterli, Pfyn, mit Feracann vor Lilly Steinmann mit ihrem zweiten Pferd Babel Oued Courcelle und Michel Bodenm\u00fcller, Neftenbach, mit Rio V.<\/p>\n\n\n\n<p>Hier geht\u2019s zu den vollst\u00e4ndigen Ranglisten: <a href=\"https:\/\/info.swiss-equestrian.ch\/#\/resultate\/veranstaltungen\/57996\">https:\/\/info.swiss-equestrian.ch\/#\/resultate\/veranstaltungen\/57996<\/a><\/p>\n\n\n\n<p><\/p>\n","protected":false},"excerpt":{"rendered":"<p>Es herrschte ein bisschen ungem\u00fctliches Wetter f\u00fcr die letzte Pr\u00fcfung des Tages, den Preis vom&#8230;<\/p>\n","protected":false},"author":2,"featured_media":7576,"comment_status":"open","ping_status":"closed","sticky":false,"template":"","format":"standard","meta":{"_jetpack_memberships_contains_paid_content":false,"footnotes":""},"categories":[1],"tags":[],"class_list":["post-7574","post","type-post","status-publish","format-standard","has-post-thumbnail","hentry","category-uncategorized"],"jetpack_featured_media_url":"https:\/\/cshumlikon.ch\/wp-content\/uploads\/2025\/09\/WhatsApp-Image-2025-09-04-at-20.19.11.jpeg","jetpack_sharing_enabled":true,"_links":{"self":[{"href":"https:\/\/cshumlikon.ch\/index.php\/wp-json\/wp\/v2\/posts\/7574","targetHints":{"allow":["GET"]}}],"collection":[{"href":"https:\/\/cshumlikon.ch\/index.php\/wp-json\/wp\/v2\/posts"}],"about":[{"href":"https:\/\/cshumlikon.ch\/index.php\/wp-json\/wp\/v2\/types\/post"}],"author":[{"embeddable":true,"href":"https:\/\/cshumlikon.ch\/index.php\/wp-json\/wp\/v2\/users\/2"}],"replies":[{"embeddable":true,"href":"https:\/\/cshumlikon.ch\/index.php\/wp-json\/wp\/v2\/comments?post=7574"}],"version-history":[{"count":1,"href":"https:\/\/cshumlikon.ch\/index.php\/wp-json\/wp\/v2\/posts\/7574\/revisions"}],"predecessor-version":[{"id":7577,"href":"https:\/\/cshumlikon.ch\/index.php\/wp-json\/wp\/v2\/posts\/7574\/revisions\/7577"}],"wp:featuredmedia":[{"embeddable":true,"href":"https:\/\/cshumlikon.ch\/index.php\/wp-json\/wp\/v2\/media\/7576"}],"wp:attachment":[{"href":"https:\/\/cshumlikon.ch\/index.php\/wp-json\/wp\/v2\/media?parent=7574"}],"wp:term":[{"taxonomy":"category","embeddable":true,"href":"https:\/\/cshumlikon.ch\/index.php\/wp-json\/wp\/v2\/categories?post=7574"},{"taxonomy":"post_tag","embeddable":true,"href":"https:\/\/cshumlikon.ch\/index.php\/wp-json\/wp\/v2\/tags?post=7574"}],"curies":[{"name":"wp","href":"https:\/\/api.w.org\/{rel}","templated":true}]}}