{"id":7564,"date":"2025-09-04T14:41:23","date_gmt":"2025-09-04T14:41:23","guid":{"rendered":"https:\/\/cshumlikon.ch\/?p=7564"},"modified":"2025-09-04T14:48:36","modified_gmt":"2025-09-04T14:48:36","slug":"120-teilnehmende-und-fast-8-stunde-lang-jungpferdepruefungen","status":"publish","type":"post","link":"https:\/\/cshumlikon.ch\/index.php\/2025\/09\/04\/120-teilnehmende-und-fast-8-stunde-lang-jungpferdepruefungen\/","title":{"rendered":"120 Teilnehmende \u2013 und fast 8 Stunde lang Jungpferde&#8230;"},"content":{"rendered":"\n<figure class=\"wp-block-image size-large\"><img data-recalc-dims=\"1\" loading=\"lazy\" decoding=\"async\" width=\"780\" height=\"520\" src=\"https:\/\/i0.wp.com\/cshumlikon.ch\/wp-content\/uploads\/2025\/09\/DSC_4376.jpg?resize=780%2C520&#038;ssl=1\" alt=\"\" class=\"wp-image-7565\" srcset=\"https:\/\/i0.wp.com\/cshumlikon.ch\/wp-content\/uploads\/2025\/09\/DSC_4376-scaled.jpg?resize=1024%2C683&amp;ssl=1 1024w, https:\/\/i0.wp.com\/cshumlikon.ch\/wp-content\/uploads\/2025\/09\/DSC_4376-scaled.jpg?resize=300%2C200&amp;ssl=1 300w, https:\/\/i0.wp.com\/cshumlikon.ch\/wp-content\/uploads\/2025\/09\/DSC_4376-scaled.jpg?w=1560&amp;ssl=1 1560w, https:\/\/i0.wp.com\/cshumlikon.ch\/wp-content\/uploads\/2025\/09\/DSC_4376-scaled.jpg?w=2340&amp;ssl=1 2340w\" sizes=\"auto, (max-width: 780px) 100vw, 780px\" \/><\/figure>\n\n\n\n<p>Der vierbeinige Nachwuchs geht dem Springsport nicht so schnell aus: Die beiden Jungpferdepr\u00fcfungen f\u00fcr 4-, 5-, und 6-j\u00e4hrige Springpferde vom Donnerstagvormittag, der Preis der BODAG Immobilien AG, Winterthur, sowie der Preis von Irene Sturzenegger, waren mit \u00fcber 120 Teilnehmenden so gut besetzt, dass sie insgesamt rund 8 Stunden lang dauerten.<\/p>\n\n\n\n<p>Die jungen Talente hatte dabei altersgerechte Parcours in ihren Stufen zu absolvieren \u2013 den meisten gelang das schon sehr gut: Im Preis der BODAG Immobilien AG, Winterthur, blieb mehr als die H\u00e4lfe fehlerfrei, im Preis von Irene Sturzenegger waren es insgesamt 43 Paare, die sich einen Flots und ein Preisgeld abholen durften.<\/p>\n\n\n\n<p>Fotos: <a href=\"https:\/\/www.sportfoto-mo.com\/\">Sportfoto Mo<\/a><\/p>\n\n\n\n<p>Hier geht\u2019s zu den vollst\u00e4ndigen Ranglisten: <a href=\"https:\/\/info.swiss-equestrian.ch\/#\/resultate\/veranstaltungen\/57996\">https:\/\/info.swiss-equestrian.ch\/#\/resultate\/veranstaltungen\/57996<\/a><\/p>\n\n\n\n<p><\/p>\n\n\n\n<figure class=\"wp-block-image size-large\"><img data-recalc-dims=\"1\" loading=\"lazy\" decoding=\"async\" width=\"780\" height=\"520\" src=\"https:\/\/i0.wp.com\/cshumlikon.ch\/wp-content\/uploads\/2025\/09\/DSC_6400.jpg?resize=780%2C520&#038;ssl=1\" alt=\"\" class=\"wp-image-7566\" srcset=\"https:\/\/i0.wp.com\/cshumlikon.ch\/wp-content\/uploads\/2025\/09\/DSC_6400-scaled.jpg?resize=1024%2C683&amp;ssl=1 1024w, https:\/\/i0.wp.com\/cshumlikon.ch\/wp-content\/uploads\/2025\/09\/DSC_6400-scaled.jpg?resize=300%2C200&amp;ssl=1 300w, https:\/\/i0.wp.com\/cshumlikon.ch\/wp-content\/uploads\/2025\/09\/DSC_6400-scaled.jpg?w=1560&amp;ssl=1 1560w, https:\/\/i0.wp.com\/cshumlikon.ch\/wp-content\/uploads\/2025\/09\/DSC_6400-scaled.jpg?w=2340&amp;ssl=1 2340w\" sizes=\"auto, (max-width: 780px) 100vw, 780px\" \/><\/figure>\n\n\n\n<figure class=\"wp-block-image size-large\"><img data-recalc-dims=\"1\" loading=\"lazy\" decoding=\"async\" width=\"780\" height=\"520\" src=\"https:\/\/i0.wp.com\/cshumlikon.ch\/wp-content\/uploads\/2025\/09\/DSC_4861-1.jpg?resize=780%2C520&#038;ssl=1\" alt=\"\" class=\"wp-image-7567\" srcset=\"https:\/\/i0.wp.com\/cshumlikon.ch\/wp-content\/uploads\/2025\/09\/DSC_4861-1-scaled.jpg?resize=1024%2C683&amp;ssl=1 1024w, https:\/\/i0.wp.com\/cshumlikon.ch\/wp-content\/uploads\/2025\/09\/DSC_4861-1-scaled.jpg?resize=300%2C200&amp;ssl=1 300w, https:\/\/i0.wp.com\/cshumlikon.ch\/wp-content\/uploads\/2025\/09\/DSC_4861-1-scaled.jpg?w=1560&amp;ssl=1 1560w, https:\/\/i0.wp.com\/cshumlikon.ch\/wp-content\/uploads\/2025\/09\/DSC_4861-1-scaled.jpg?w=2340&amp;ssl=1 2340w\" sizes=\"auto, (max-width: 780px) 100vw, 780px\" \/><\/figure>\n","protected":false},"excerpt":{"rendered":"<p>Der vierbeinige Nachwuchs geht dem Springsport nicht so schnell aus: Die beiden Jungpferdepr\u00fcfungen f\u00fcr 4-,&#8230;<\/p>\n","protected":false},"author":2,"featured_media":7565,"comment_status":"open","ping_status":"closed","sticky":false,"template":"","format":"standard","meta":{"_jetpack_memberships_contains_paid_content":false,"footnotes":""},"categories":[1],"tags":[],"class_list":["post-7564","post","type-post","status-publish","format-standard","has-post-thumbnail","hentry","category-uncategorized"],"jetpack_featured_media_url":"https:\/\/cshumlikon.ch\/wp-content\/uploads\/2025\/09\/DSC_4376-scaled.jpg","jetpack_sharing_enabled":true,"_links":{"self":[{"href":"https:\/\/cshumlikon.ch\/index.php\/wp-json\/wp\/v2\/posts\/7564","targetHints":{"allow":["GET"]}}],"collection":[{"href":"https:\/\/cshumlikon.ch\/index.php\/wp-json\/wp\/v2\/posts"}],"about":[{"href":"https:\/\/cshumlikon.ch\/index.php\/wp-json\/wp\/v2\/types\/post"}],"author":[{"embeddable":true,"href":"https:\/\/cshumlikon.ch\/index.php\/wp-json\/wp\/v2\/users\/2"}],"replies":[{"embeddable":true,"href":"https:\/\/cshumlikon.ch\/index.php\/wp-json\/wp\/v2\/comments?post=7564"}],"version-history":[{"count":2,"href":"https:\/\/cshumlikon.ch\/index.php\/wp-json\/wp\/v2\/posts\/7564\/revisions"}],"predecessor-version":[{"id":7569,"href":"https:\/\/cshumlikon.ch\/index.php\/wp-json\/wp\/v2\/posts\/7564\/revisions\/7569"}],"wp:featuredmedia":[{"embeddable":true,"href":"https:\/\/cshumlikon.ch\/index.php\/wp-json\/wp\/v2\/media\/7565"}],"wp:attachment":[{"href":"https:\/\/cshumlikon.ch\/index.php\/wp-json\/wp\/v2\/media?parent=7564"}],"wp:term":[{"taxonomy":"category","embeddable":true,"href":"https:\/\/cshumlikon.ch\/index.php\/wp-json\/wp\/v2\/categories?post=7564"},{"taxonomy":"post_tag","embeddable":true,"href":"https:\/\/cshumlikon.ch\/index.php\/wp-json\/wp\/v2\/tags?post=7564"}],"curies":[{"name":"wp","href":"https:\/\/api.w.org\/{rel}","templated":true}]}}