{"id":7528,"date":"2025-09-01T14:33:35","date_gmt":"2025-09-01T14:33:35","guid":{"rendered":"https:\/\/cshumlikon.ch\/?p=7528"},"modified":"2025-09-01T14:33:36","modified_gmt":"2025-09-01T14:33:36","slug":"schweizer-abend-am-donnerstag-es-hat-noch-freie-plaetze","status":"publish","type":"post","link":"https:\/\/cshumlikon.ch\/index.php\/2025\/09\/01\/schweizer-abend-am-donnerstag-es-hat-noch-freie-plaetze\/","title":{"rendered":"Schweizer Abend am Donnerstag &#8211; es hat noch freie Pl\u00e4tze!"},"content":{"rendered":"\n<p>Feiert mit uns den ersten Schweizer Abend am <a href=\"https:\/\/l.facebook.com\/l.php?u=http%3A%2F%2FLerchPartner.ch%2F%3Ffbclid%3DIwZXh0bgNhZW0CMTAAYnJpZBExbms0TFhjUWFGeHlOMlhvYQEe4sbBSQaL5fC_aKmPXi8SzEpHFGkBmDr336N1yNiSNW_3pKzQ7lNeSwOjDvY_aem___EnMgURoy53pGixQqFoWQ&amp;h=AT2mP3ylNPJtP-hJKombmOeEM-xm6LOQIl7QmFHyVcM_4coJwzr4nsytEGxkmZYjGZgTUp2wMJUNQ-suyDXgiNZkJMgJ93A-i3GgIcGXMPcWCO1PDukA55NmSaSfUI-aZ2UlLQHQ_jqZyMlHgLeXHIGes50P9A&amp;__tn__=-UK-R&amp;c[0]=AT1F1LtTOKm_FqX-uN_7hLp829BgvQwjpC9N3bm47Qca3ECc-OfoR98Hl2w9FFKTmDi00JZITqcRF05rPOXnsMROdvNrHd5VxBU_Hi66vLf_ZGuL8wXj2LsQbYPnwF1teHTtohWPsHrc9BzLNXcaPoUJmyiWmi2SLajA_19vPaMjZpKXGn6VJehIoTTqypmvrICLWpq0S8nUCqt97ZyvAbbPKg\" rel=\"noreferrer noopener\" target=\"_blank\">LerchPartner.ch<\/a> CS Humlikon!<\/p>\n\n\n\n<p>Den Auftakt macht ein genussvoller Ap\u00e9ro an der Procava Weinbar in unserer Ladenstrasse. Ab 18 Uhr heisst es Platz nehmen im stilvoll gedeckten Gourmetrestaurant: Freut euch auf ein mehrg\u00e4ngiges Abendessen mit einer feinen Auswahl an Schweizer K\u00f6stlichkeiten \u2013 von der Vorspeise \u00fcber den Hauptgang bis hin zum Dessert.<\/p>\n\n\n\n<p>F\u00fcr die passende Stimmung sorgt musikalische Begleitung w\u00e4hrend des Dinners. Und wer danach noch Lust, l\u00e4sst den Abend beim Barbetrieb mit DJ ausklingen. <img loading=\"lazy\" decoding=\"async\" height=\"16\" width=\"16\" alt=\"????\" src=\"https:\/\/static.xx.fbcdn.net\/images\/emoji.php\/v9\/teb\/1\/16\/1f377.png\"><img loading=\"lazy\" decoding=\"async\" height=\"16\" width=\"16\" alt=\"????\" src=\"https:\/\/static.xx.fbcdn.net\/images\/emoji.php\/v9\/t1f\/1\/16\/1f3b6.png\"><img loading=\"lazy\" decoding=\"async\" height=\"16\" width=\"16\" alt=\"????????\" src=\"https:\/\/static.xx.fbcdn.net\/images\/emoji.php\/v9\/td8\/1\/16\/1f1e8_1f1ed.png\"><img loading=\"lazy\" decoding=\"async\" height=\"16\" width=\"16\" alt=\"????\" src=\"https:\/\/static.xx.fbcdn.net\/images\/emoji.php\/v9\/t8c\/1\/16\/1f389.png\"><\/p>\n\n\n\n<p>Die Teilnahme kostet 62 Franken pro Person. Es hat noch ein paar wenige freie Tische und Einzelpl\u00e4tze! Reservationen unter Telefon 079 421 23 27 oder E-Mail marcel@freimueller.ch<\/p>\n\n\n\n<p>Hier gehts zum Men\u00fc: <a href=\"https:\/\/l.facebook.com\/l.php?u=https%3A%2F%2Fcshumlikon.ch%2Fwp-content%2Fuploads%2F2025%2F08%2F4466_250803_223606.pdf%3Ffbclid%3DIwZXh0bgNhZW0CMTAAYnJpZBExbms0TFhjUWFGeHlOMlhvYQEejc5sC9--MsC7kCRrj2Qfwn2EWlDkXkjgMlqi6P-ZDxr0xqb4VZ3kB6WAq3c_aem_4QsK7ZSWUTTEMA00BcaMIA&amp;h=AT3m3C-vKjg12N70TkGvRkxzmP_JL5YARSR2Xdkg-8MbDoaXvDHoocBbMLJDlJZYGmCphtDG43kculZ2BmU4n2IzCJreYa6guLZs2xfjuclA2AItO-yDGfVSh86pqTcjwConRj3Y6VlniwtegGWwGTxIVKfBsA&amp;__tn__=-UK-R&amp;c[0]=AT1F1LtTOKm_FqX-uN_7hLp829BgvQwjpC9N3bm47Qca3ECc-OfoR98Hl2w9FFKTmDi00JZITqcRF05rPOXnsMROdvNrHd5VxBU_Hi66vLf_ZGuL8wXj2LsQbYPnwF1teHTtohWPsHrc9BzLNXcaPoUJmyiWmi2SLajA_19vPaMjZpKXGn6VJehIoTTqypmvrICLWpq0S8nUCqt97ZyvAbbPKg\" rel=\"noreferrer noopener\" target=\"_blank\">https:\/\/cshumlikon.ch\/&#8230;\/2025\/08\/4466_250803_223606.pdf<\/a><\/p>\n\n\n\n<figure class=\"wp-block-image size-large\"><img data-recalc-dims=\"1\" loading=\"lazy\" decoding=\"async\" width=\"780\" height=\"541\" src=\"https:\/\/i0.wp.com\/cshumlikon.ch\/wp-content\/uploads\/2025\/09\/Schweizerabend.jpg?resize=780%2C541&#038;ssl=1\" alt=\"\" class=\"wp-image-7529\" srcset=\"https:\/\/i0.wp.com\/cshumlikon.ch\/wp-content\/uploads\/2025\/09\/Schweizerabend.jpg?resize=1024%2C710&amp;ssl=1 1024w, https:\/\/i0.wp.com\/cshumlikon.ch\/wp-content\/uploads\/2025\/09\/Schweizerabend.jpg?resize=300%2C208&amp;ssl=1 300w, https:\/\/i0.wp.com\/cshumlikon.ch\/wp-content\/uploads\/2025\/09\/Schweizerabend.jpg?w=1326&amp;ssl=1 1326w\" sizes=\"auto, (max-width: 780px) 100vw, 780px\" \/><\/figure>\n\n\n\n<figure class=\"wp-block-image size-large\"><img data-recalc-dims=\"1\" loading=\"lazy\" decoding=\"async\" width=\"780\" height=\"654\" src=\"https:\/\/i0.wp.com\/cshumlikon.ch\/wp-content\/uploads\/2025\/09\/dreamstime_xl_84599879.jpg?resize=780%2C654&#038;ssl=1\" alt=\"\" class=\"wp-image-7530\" srcset=\"https:\/\/i0.wp.com\/cshumlikon.ch\/wp-content\/uploads\/2025\/09\/dreamstime_xl_84599879.jpg?resize=1024%2C858&amp;ssl=1 1024w, https:\/\/i0.wp.com\/cshumlikon.ch\/wp-content\/uploads\/2025\/09\/dreamstime_xl_84599879.jpg?resize=300%2C251&amp;ssl=1 300w, https:\/\/i0.wp.com\/cshumlikon.ch\/wp-content\/uploads\/2025\/09\/dreamstime_xl_84599879.jpg?w=1560&amp;ssl=1 1560w\" sizes=\"auto, (max-width: 780px) 100vw, 780px\" \/><figcaption class=\"wp-element-caption\">http:\/\/www.dreamstime.com\/royalty-free-stock-images-swiss-flag-against-blue-sky-image84599879<\/figcaption><\/figure>\n","protected":false},"excerpt":{"rendered":"<p>Feiert mit uns den ersten Schweizer Abend am LerchPartner.ch CS Humlikon! Den Auftakt macht ein&#8230;<\/p>\n","protected":false},"author":2,"featured_media":7530,"comment_status":"open","ping_status":"closed","sticky":false,"template":"","format":"standard","meta":{"_jetpack_memberships_contains_paid_content":false,"footnotes":""},"categories":[1],"tags":[],"class_list":["post-7528","post","type-post","status-publish","format-standard","has-post-thumbnail","hentry","category-uncategorized"],"jetpack_featured_media_url":"https:\/\/cshumlikon.ch\/wp-content\/uploads\/2025\/09\/dreamstime_xl_84599879.jpg","jetpack_sharing_enabled":true,"_links":{"self":[{"href":"https:\/\/cshumlikon.ch\/index.php\/wp-json\/wp\/v2\/posts\/7528","targetHints":{"allow":["GET"]}}],"collection":[{"href":"https:\/\/cshumlikon.ch\/index.php\/wp-json\/wp\/v2\/posts"}],"about":[{"href":"https:\/\/cshumlikon.ch\/index.php\/wp-json\/wp\/v2\/types\/post"}],"author":[{"embeddable":true,"href":"https:\/\/cshumlikon.ch\/index.php\/wp-json\/wp\/v2\/users\/2"}],"replies":[{"embeddable":true,"href":"https:\/\/cshumlikon.ch\/index.php\/wp-json\/wp\/v2\/comments?post=7528"}],"version-history":[{"count":1,"href":"https:\/\/cshumlikon.ch\/index.php\/wp-json\/wp\/v2\/posts\/7528\/revisions"}],"predecessor-version":[{"id":7531,"href":"https:\/\/cshumlikon.ch\/index.php\/wp-json\/wp\/v2\/posts\/7528\/revisions\/7531"}],"wp:featuredmedia":[{"embeddable":true,"href":"https:\/\/cshumlikon.ch\/index.php\/wp-json\/wp\/v2\/media\/7530"}],"wp:attachment":[{"href":"https:\/\/cshumlikon.ch\/index.php\/wp-json\/wp\/v2\/media?parent=7528"}],"wp:term":[{"taxonomy":"category","embeddable":true,"href":"https:\/\/cshumlikon.ch\/index.php\/wp-json\/wp\/v2\/categories?post=7528"},{"taxonomy":"post_tag","embeddable":true,"href":"https:\/\/cshumlikon.ch\/index.php\/wp-json\/wp\/v2\/tags?post=7528"}],"curies":[{"name":"wp","href":"https:\/\/api.w.org\/{rel}","templated":true}]}}