{"id":7154,"date":"2024-08-16T08:02:56","date_gmt":"2024-08-16T08:02:56","guid":{"rendered":"https:\/\/cshumlikon.ch\/?p=7154"},"modified":"2024-08-16T08:02:58","modified_gmt":"2024-08-16T08:02:58","slug":"ein-springturnier-fuer-jung-und-alt-und-fuer-geniesser","status":"publish","type":"post","link":"https:\/\/cshumlikon.ch\/index.php\/2024\/08\/16\/ein-springturnier-fuer-jung-und-alt-und-fuer-geniesser\/","title":{"rendered":"Ein Springturnier f\u00fcr Jung und Alt\u2013 und f\u00fcr Geniesser"},"content":{"rendered":"\n<p><strong><em>Am LerchPartner.ch CS treffen sich vom 28. August bis 1. September die besten regionalen und nationalen Springreiterinnen und Springreiter. Neu bekommen ausserdem der Nachwuchs und die Senioren auf der Anlage der Familie Freim\u00fcller wieder eine Plattform. Verschiedene Restaurationsbetriebe sind f\u00fcr das leibliche Wohl besorgt und ausgew\u00e4hlte Musiker f\u00fcr die Unterhaltung. \u00a0\u00a0<\/em><\/strong><\/p>\n\n\n\n<figure class=\"wp-block-image size-large\"><img data-recalc-dims=\"1\" loading=\"lazy\" decoding=\"async\" width=\"780\" height=\"462\" src=\"https:\/\/i0.wp.com\/cshumlikon.ch\/wp-content\/uploads\/2024\/08\/Foto2_CS-Humlikon_631-5982.jpg?resize=780%2C462&#038;ssl=1\" alt=\"\" class=\"wp-image-7155\" srcset=\"https:\/\/i0.wp.com\/cshumlikon.ch\/wp-content\/uploads\/2024\/08\/Foto2_CS-Humlikon_631-5982-scaled.jpg?resize=1024%2C606&amp;ssl=1 1024w, https:\/\/i0.wp.com\/cshumlikon.ch\/wp-content\/uploads\/2024\/08\/Foto2_CS-Humlikon_631-5982-scaled.jpg?resize=300%2C177&amp;ssl=1 300w, https:\/\/i0.wp.com\/cshumlikon.ch\/wp-content\/uploads\/2024\/08\/Foto2_CS-Humlikon_631-5982-scaled.jpg?w=1560&amp;ssl=1 1560w, https:\/\/i0.wp.com\/cshumlikon.ch\/wp-content\/uploads\/2024\/08\/Foto2_CS-Humlikon_631-5982-scaled.jpg?w=2340&amp;ssl=1 2340w\" sizes=\"auto, (max-width: 780px) 100vw, 780px\" \/><\/figure>\n\n\n\n<p>F\u00fcr die Springreiterinnen und Springreiter aus der Region und der gesamten Deutschschweiz ist der beliebte LechPartner.ch CS seit Jahren eine feste Gr\u00f6sse im j\u00e4hrlichen Turnierkalender.<\/p>\n\n\n\n<p>Doch auch der Nachwuchs braucht Startgelegenheiten und damit die M\u00f6glichkeit, Erfahrung im Parcours zu sammeln. \u00abDeshalb beginnen wir in diesem Jahr einen Tag fr\u00fcher mit dem Turnier und bieten am Mittwochnachmittag Pr\u00fcfungen \u00fcber Hindernish\u00f6hen von 80 und 90 Zentimeter f\u00fcr Kinder, Jugendliche sowie weniger routinierte Pferde und Reiter an\u00bb, erkl\u00e4rt Marcel Freim\u00fcller, der zusammen mit seinem Geschwistern Melanie und Patrick dem OK des Concours vorsteht.<\/p>\n\n\n\n<p>Auf vielfachen Wunsch werden auch wieder Pr\u00fcfungen f\u00fcr Seniorinnen und Senioren in Humlikon ausgetragen: die \u00ab\u00e4lteren Semester\u00bb sind am Donnerstag, 29. August, an der Reihe. F\u00fcr den gleichen Tag hat Sportchefin Melanie Freim\u00fcller, die als aktive Springreiterin die Bed\u00fcrfnisse der Pferdesportler bestens kennt, auch wieder Springen f\u00fcr junge Pferde angesetzt. &nbsp;Darin werden die vier- bis sechsj\u00e4hrigen Vierbeiner in altersgerechten Parcours an ihre k\u00fcnftige&nbsp; Aufgabe als Springpferd herangef\u00fchrt. &nbsp;&nbsp;<\/p>\n\n\n\n<p><strong>Knock-Out und Grand Prix als H\u00f6hepunkte<\/strong><\/p>\n\n\n\n<p>Am Freitag, 30. August, stehen vier Pr\u00fcfungen der Kategorien R\/N120 bis N140 auf dem Programm und am Samstag, 31. August, folgen die Kategorien R\/N110 und R\/N115 sowie zwei R\/N130. Beendet wird der Samstag mit dem spannenden LerchPartner.ch Knock-Out, bei dem jeweils zwei Reiter gleichzeitig in identischen Parcours gegeneinander antreten und dabei vom Publikum lautstark angefeuert werden.<\/p>\n\n\n\n<p>Der Sonntagmorgen, 1. September, geh\u00f6rt den Teilnehmenden auf den Stufen R\/N100 und R\/N105 bevor sich mit dem R\/N140 als Warm-up f\u00fcr den LerchPartner.ch Grand Prix der H\u00f6hepunkte des Turniers ank\u00fcndigt. Dieser wird auf Stufe N145 ausgetragen und ist dank dem Engagement des langj\u00e4hrigen Hauptsponsors, der Lerch &amp; Partner Generalunternehmung AG aus Winterthur, wieder mit einem stattlichen Preisgeld dotiert.<\/p>\n\n\n\n<p><strong>Das Gourmetzelt ist offen f\u00fcr alle<\/strong><\/p>\n\n\n\n<p>Beim Springturnier auf der Anlage der Familie Freim\u00fcller in Humlikon ist es Tradition, dass neben erstklassigem Pferdesport auch die Kulinarik und die musikalische Abendunterhaltung nicht zu kurz kommen. Die Teilnehmenden sowie die Besucherinnen und Besucher k\u00f6nnen aus mehreren Restaurationsbetrieben ausw\u00e4hlen. F\u00fcr den kleinen Hunger, einen Ap\u00e9ro oder Snack bietet sich das Caf\u00e9 an, in dem auch erlesene Weine degustiert werden k\u00f6nnen. Eine breite Auswahl an Menus und Getr\u00e4nken findet man sowohl in der Festwirtschaft auf der langen Seite der Arena als auch im etwas erh\u00f6hten Gourmetzelt. Dieses ist nicht nur den \u00abVIPs\u00bb oder Sponsoren vorbehalten, sondern steht allen offen, die ein feines Mittag- oder Abendessen in gediegener Atmosph\u00e4re sch\u00e4tzen.&nbsp;<\/p>\n\n\n\n<p>Gefeiert wird an der gut sortierten Bar, an drei Abenden mit Live-Musik: Am Donnerstagabend unterh\u00e4lt Stimmungskanone Raimund Mierer, am Freitag tritt die lokale Cover-Band Catstrikes auf und am Samstagabend heizt DJ Snow ein. Tags\u00fcber l\u00e4dt ausserdem die kleine, aber feine Ladenstrasse mit ihrem attraktiven Angebot zu einem Shopping-Bummel.&nbsp;<\/p>\n\n\n\n<figure class=\"wp-block-image size-large\"><img data-recalc-dims=\"1\" loading=\"lazy\" decoding=\"async\" width=\"780\" height=\"490\" src=\"https:\/\/i0.wp.com\/cshumlikon.ch\/wp-content\/uploads\/2024\/08\/Foto1_Die-besten-Springreiterinnen-und-Springreiter-aus-der-Deutschschweiz-messen-sich-am-LerchPartner.ch-CS-vom-28.-August-bis-1.-September-in-Humlikon.jpg?resize=780%2C490&#038;ssl=1\" alt=\"\" class=\"wp-image-7156\" srcset=\"https:\/\/i0.wp.com\/cshumlikon.ch\/wp-content\/uploads\/2024\/08\/Foto1_Die-besten-Springreiterinnen-und-Springreiter-aus-der-Deutschschweiz-messen-sich-am-LerchPartner.ch-CS-vom-28.-August-bis-1.-September-in-Humlikon-scaled.jpg?resize=1024%2C643&amp;ssl=1 1024w, https:\/\/i0.wp.com\/cshumlikon.ch\/wp-content\/uploads\/2024\/08\/Foto1_Die-besten-Springreiterinnen-und-Springreiter-aus-der-Deutschschweiz-messen-sich-am-LerchPartner.ch-CS-vom-28.-August-bis-1.-September-in-Humlikon-scaled.jpg?resize=300%2C188&amp;ssl=1 300w, https:\/\/i0.wp.com\/cshumlikon.ch\/wp-content\/uploads\/2024\/08\/Foto1_Die-besten-Springreiterinnen-und-Springreiter-aus-der-Deutschschweiz-messen-sich-am-LerchPartner.ch-CS-vom-28.-August-bis-1.-September-in-Humlikon-scaled.jpg?w=1560&amp;ssl=1 1560w, https:\/\/i0.wp.com\/cshumlikon.ch\/wp-content\/uploads\/2024\/08\/Foto1_Die-besten-Springreiterinnen-und-Springreiter-aus-der-Deutschschweiz-messen-sich-am-LerchPartner.ch-CS-vom-28.-August-bis-1.-September-in-Humlikon-scaled.jpg?w=2340&amp;ssl=1 2340w\" sizes=\"auto, (max-width: 780px) 100vw, 780px\" \/><\/figure>\n","protected":false},"excerpt":{"rendered":"<p>Am LerchPartner.ch CS treffen sich vom 28. August bis 1. September die besten regionalen und&#8230;<\/p>\n","protected":false},"author":2,"featured_media":7155,"comment_status":"open","ping_status":"closed","sticky":false,"template":"","format":"standard","meta":{"_jetpack_memberships_contains_paid_content":false,"footnotes":""},"categories":[1],"tags":[],"class_list":["post-7154","post","type-post","status-publish","format-standard","has-post-thumbnail","hentry","category-uncategorized"],"jetpack_featured_media_url":"https:\/\/cshumlikon.ch\/wp-content\/uploads\/2024\/08\/Foto2_CS-Humlikon_631-5982-scaled.jpg","jetpack_sharing_enabled":true,"_links":{"self":[{"href":"https:\/\/cshumlikon.ch\/index.php\/wp-json\/wp\/v2\/posts\/7154","targetHints":{"allow":["GET"]}}],"collection":[{"href":"https:\/\/cshumlikon.ch\/index.php\/wp-json\/wp\/v2\/posts"}],"about":[{"href":"https:\/\/cshumlikon.ch\/index.php\/wp-json\/wp\/v2\/types\/post"}],"author":[{"embeddable":true,"href":"https:\/\/cshumlikon.ch\/index.php\/wp-json\/wp\/v2\/users\/2"}],"replies":[{"embeddable":true,"href":"https:\/\/cshumlikon.ch\/index.php\/wp-json\/wp\/v2\/comments?post=7154"}],"version-history":[{"count":1,"href":"https:\/\/cshumlikon.ch\/index.php\/wp-json\/wp\/v2\/posts\/7154\/revisions"}],"predecessor-version":[{"id":7157,"href":"https:\/\/cshumlikon.ch\/index.php\/wp-json\/wp\/v2\/posts\/7154\/revisions\/7157"}],"wp:featuredmedia":[{"embeddable":true,"href":"https:\/\/cshumlikon.ch\/index.php\/wp-json\/wp\/v2\/media\/7155"}],"wp:attachment":[{"href":"https:\/\/cshumlikon.ch\/index.php\/wp-json\/wp\/v2\/media?parent=7154"}],"wp:term":[{"taxonomy":"category","embeddable":true,"href":"https:\/\/cshumlikon.ch\/index.php\/wp-json\/wp\/v2\/categories?post=7154"},{"taxonomy":"post_tag","embeddable":true,"href":"https:\/\/cshumlikon.ch\/index.php\/wp-json\/wp\/v2\/tags?post=7154"}],"curies":[{"name":"wp","href":"https:\/\/api.w.org\/{rel}","templated":true}]}}