{"id":6935,"date":"2023-08-30T07:16:29","date_gmt":"2023-08-30T07:16:29","guid":{"rendered":"https:\/\/cshumlikon.ch\/?p=6935"},"modified":"2023-08-30T08:38:12","modified_gmt":"2023-08-30T08:38:12","slug":"wir-sind-ready-am-donnerstag-gehts-los","status":"publish","type":"post","link":"https:\/\/cshumlikon.ch\/index.php\/2023\/08\/30\/wir-sind-ready-am-donnerstag-gehts-los\/","title":{"rendered":"Wir sind ready &#8211; am Donnerstag geht&#8217;s los!"},"content":{"rendered":"\n<figure class=\"wp-block-image size-large\"><img data-recalc-dims=\"1\" loading=\"lazy\" decoding=\"async\" width=\"780\" height=\"473\" src=\"https:\/\/i0.wp.com\/cshumlikon.ch\/wp-content\/uploads\/2023\/08\/631-5983.jpg?resize=780%2C473&#038;ssl=1\" alt=\"\" class=\"wp-image-6943\" srcset=\"https:\/\/i0.wp.com\/cshumlikon.ch\/wp-content\/uploads\/2023\/08\/631-5983-scaled.jpg?resize=1024%2C621&amp;ssl=1 1024w, https:\/\/i0.wp.com\/cshumlikon.ch\/wp-content\/uploads\/2023\/08\/631-5983-scaled.jpg?resize=300%2C182&amp;ssl=1 300w, https:\/\/i0.wp.com\/cshumlikon.ch\/wp-content\/uploads\/2023\/08\/631-5983-scaled.jpg?w=1560&amp;ssl=1 1560w, https:\/\/i0.wp.com\/cshumlikon.ch\/wp-content\/uploads\/2023\/08\/631-5983-scaled.jpg?w=2340&amp;ssl=1 2340w\" sizes=\"auto, (max-width: 780px) 100vw, 780px\" \/><\/figure>\n\n\n\n<p><br>Die Aufbauarbeiten f\u00fcr den LerchPartner.ch Humlikon vom 31. August bis 3. September konnten am vergangenen Wochenende trotz Regenwetter planm\u00e4ssig abgeschlossen werden &#8211; danach gab der Innenausbau auch noch einiges zu tun.<br>Nun aber sind wir bereit und erwarten am Donnerstag, 31. August, um 9.00 Uhr (Achtung, neue Anfangszeit!) das erste Pferd auf dem frisch pr\u00e4parierten Springplatz. Wir starten mit sechs Jungpferdepr\u00fcfungen f\u00fcr 4-, 5- und 6-j\u00e4hrige Springtalente. Ab 16.30 Uhr endet der erste Concourstag mit je einem B\/R90 und einem B\/R95.<br>Wir freuen uns auf zahlreiche Zuschauerinnen und Zuschauer udn w\u00fcnschen den Teilnehmenden viel Gl\u00fcck und fehlerfreie Runden!<\/p>\n\n\n\n<p><br>Hier geht&#8217;s zu den aktuellsten Startlisten:<br>https:\/\/info.fnch.ch\/#\/startlisten\/54966<\/p>\n","protected":false},"excerpt":{"rendered":"<p>Die Aufbauarbeiten f\u00fcr den LerchPartner.ch Humlikon vom 31. August bis 3. September konnten am vergangenen&#8230;<\/p>\n","protected":false},"author":2,"featured_media":6943,"comment_status":"open","ping_status":"closed","sticky":false,"template":"","format":"standard","meta":{"_jetpack_memberships_contains_paid_content":false,"footnotes":""},"categories":[1],"tags":[],"class_list":["post-6935","post","type-post","status-publish","format-standard","has-post-thumbnail","hentry","category-uncategorized"],"jetpack_featured_media_url":"https:\/\/cshumlikon.ch\/wp-content\/uploads\/2023\/08\/631-5983-scaled.jpg","jetpack_sharing_enabled":true,"_links":{"self":[{"href":"https:\/\/cshumlikon.ch\/index.php\/wp-json\/wp\/v2\/posts\/6935","targetHints":{"allow":["GET"]}}],"collection":[{"href":"https:\/\/cshumlikon.ch\/index.php\/wp-json\/wp\/v2\/posts"}],"about":[{"href":"https:\/\/cshumlikon.ch\/index.php\/wp-json\/wp\/v2\/types\/post"}],"author":[{"embeddable":true,"href":"https:\/\/cshumlikon.ch\/index.php\/wp-json\/wp\/v2\/users\/2"}],"replies":[{"embeddable":true,"href":"https:\/\/cshumlikon.ch\/index.php\/wp-json\/wp\/v2\/comments?post=6935"}],"version-history":[{"count":2,"href":"https:\/\/cshumlikon.ch\/index.php\/wp-json\/wp\/v2\/posts\/6935\/revisions"}],"predecessor-version":[{"id":6944,"href":"https:\/\/cshumlikon.ch\/index.php\/wp-json\/wp\/v2\/posts\/6935\/revisions\/6944"}],"wp:featuredmedia":[{"embeddable":true,"href":"https:\/\/cshumlikon.ch\/index.php\/wp-json\/wp\/v2\/media\/6943"}],"wp:attachment":[{"href":"https:\/\/cshumlikon.ch\/index.php\/wp-json\/wp\/v2\/media?parent=6935"}],"wp:term":[{"taxonomy":"category","embeddable":true,"href":"https:\/\/cshumlikon.ch\/index.php\/wp-json\/wp\/v2\/categories?post=6935"},{"taxonomy":"post_tag","embeddable":true,"href":"https:\/\/cshumlikon.ch\/index.php\/wp-json\/wp\/v2\/tags?post=6935"}],"curies":[{"name":"wp","href":"https:\/\/api.w.org\/{rel}","templated":true}]}}