{"id":6481,"date":"2022-07-29T10:54:00","date_gmt":"2022-07-29T10:54:00","guid":{"rendered":"https:\/\/cshumlikon.ch\/?p=6481"},"modified":"2022-07-29T10:54:00","modified_gmt":"2022-07-29T10:54:00","slug":"die-nachnennphase-ist-offen","status":"publish","type":"post","link":"https:\/\/cshumlikon.ch\/index.php\/2022\/07\/29\/die-nachnennphase-ist-offen\/","title":{"rendered":"Die Nachnennphase ist offen"},"content":{"rendered":"<div class=\"\" dir=\"auto\">\n<div id=\"jsc_c_2b\" class=\"ecm0bbzt hv4rvrfc ihqw7lf3 dati1w0a\" data-ad-comet-preview=\"message\" data-ad-preview=\"message\">\n<div class=\"j83agx80 cbu4d94t ew0dbk1b irj2b8pg\">\n<div class=\"qzhwtbm6 knvmm38d\">\n<div class=\"cxmmr5t8 oygrvhab hcukyx3x c1et5uql o9v6fnle ii04i59q\">\n<div dir=\"auto\"><img data-recalc-dims=\"1\" loading=\"lazy\" decoding=\"async\" class=\" wp-image-6482 alignleft\" src=\"https:\/\/i0.wp.com\/cshumlikon.ch\/wp-content\/uploads\/2022\/08\/Bild_Web_CSHumlikon.jpg?resize=396%2C223&#038;ssl=1\" alt=\"\" width=\"396\" height=\"223\" srcset=\"https:\/\/i0.wp.com\/cshumlikon.ch\/wp-content\/uploads\/2022\/08\/Bild_Web_CSHumlikon.jpg?resize=300%2C169&amp;ssl=1 300w, https:\/\/i0.wp.com\/cshumlikon.ch\/wp-content\/uploads\/2022\/08\/Bild_Web_CSHumlikon.jpg?resize=1024%2C579&amp;ssl=1 1024w, https:\/\/i0.wp.com\/cshumlikon.ch\/wp-content\/uploads\/2022\/08\/Bild_Web_CSHumlikon.jpg?w=1177&amp;ssl=1 1177w\" sizes=\"auto, (max-width: 396px) 100vw, 396px\" \/>Du m\u00f6chtest dabei sein und mitreiten bei der Premiere des LerchPartner.ch CS Humlikon unter dem neuen, jungen OK? Das ist immer noch m\u00f6glich!<\/div>\n<\/div>\n<div class=\"cxmmr5t8 oygrvhab hcukyx3x c1et5uql o9v6fnle ii04i59q\">\n<div dir=\"auto\"><\/div>\n<div dir=\"auto\">Am Montag war zwar Nennschluss, aber die Nachnennphase l\u00e4uft &#8211; und es sind noch Starts in fast allen Kategorien m\u00f6glich.<\/div>\n<\/div>\n<div class=\"cxmmr5t8 oygrvhab hcukyx3x c1et5uql o9v6fnle ii04i59q\">\n<div dir=\"auto\"><\/div>\n<div dir=\"auto\">Die regionalen und nationalen Pr\u00fcfungen sind bereits gut gef\u00fcllt &#8211; also sichere Dir Deinen Startplatz schnell. Du wohnst etwas weiter weg als 25 Kilometer? Kein Problem: F\u00fcr einige Springen haben wir in der Nachnennphase die Kilometer-Begrenzung fallen lassen!<\/div>\n<\/div>\n<div class=\"cxmmr5t8 oygrvhab hcukyx3x c1et5uql o9v6fnle ii04i59q\">\n<div dir=\"auto\"><\/div>\n<div dir=\"auto\">Hast Du junge Pferde, die Du behutsam an den Springsport heranf\u00fchren willst? Dazu eignet sich die optimale Infrastruktur auf der Anlage der Familie Freim\u00fcller bestens. Und die Parcours in unseren sechs Jungpferdepr\u00fcfungen (JJP4, JJP5 und JJP6) werden vom erfahrenden Kursdesigner Guido Balsiger mit viel Einf\u00fchlungsverm\u00f6gen gestellt, so dass Pferd und Reiter bestimmt mit einem guten Gef\u00fchl aus der Arena kommen.<\/div>\n<\/div>\n<div class=\"cxmmr5t8 oygrvhab hcukyx3x c1et5uql o9v6fnle ii04i59q\">\n<div dir=\"auto\"><\/div>\n<div dir=\"auto\">Das gleiche gilt f\u00fcr die Reiterinnen und Reiter ohne Lizenz oder mit wenig Erfahrung: in den B\/R90 rsp. B\/R95 haben sie die M\u00f6glichkeit in einem einzigartigen Ambiente zu reiten und auf ihr Niveau zugeschnittene Aufgaben vorzufinden.<\/div>\n<\/div>\n<div class=\"cxmmr5t8 oygrvhab hcukyx3x c1et5uql o9v6fnle ii04i59q\">\n<div dir=\"auto\"><\/div>\n<div dir=\"auto\">Du magst es lieber rasant? Dann hast Du die einmalige Gelegenheit am Samstagabend am Knock-Out (R\/N120) teilzunehmen &#8211; miss Dich im Direktvergleich mit Deinen Gegnern und lass Dich und Dein Pferd vom Publikum anfeuern und feiern!<\/div>\n<div dir=\"auto\"><a class=\"oajrlxb2 g5ia77u1 qu0x051f esr5mh6w e9989ue4 r7d6kgcz rq0escxv nhd2j8a9 nc684nl6 p7hjln8o kvgmc6g5 cxmmr5t8 oygrvhab hcukyx3x jb3vyjys rz4wbd8a qt6c0cv9 a8nywdso i1ao9s8h esuyzwwr f1sip0of lzcic4wl gpro0wi8 py34i1dx\" tabindex=\"0\" role=\"link\" href=\"https:\/\/my.fnch.ch\/nennungen\/new?veranstaltung_id=53638&amp;fbclid=IwAR1AmS6SXMvVhKVYzBcwgJP_noRpA0bVk7gE-JlPnfjtXTAWsv3QK6b7PsE\" target=\"_blank\" rel=\"nofollow noopener\">https:\/\/my.fnch.ch\/nennungen\/new?veranstaltung_id=53638<\/a><\/div>\n<\/div>\n<\/div>\n<\/div>\n<\/div>\n<\/div>\n","protected":false},"excerpt":{"rendered":"<p>Du m\u00f6chtest dabei sein und mitreiten bei der Premiere des LerchPartner.ch CS Humlikon unter dem&#8230;<\/p>\n","protected":false},"author":2,"featured_media":6482,"comment_status":"closed","ping_status":"closed","sticky":false,"template":"","format":"standard","meta":{"_jetpack_memberships_contains_paid_content":false,"footnotes":""},"categories":[1],"tags":[],"class_list":["post-6481","post","type-post","status-publish","format-standard","has-post-thumbnail","hentry","category-uncategorized"],"jetpack_featured_media_url":"https:\/\/cshumlikon.ch\/wp-content\/uploads\/2022\/08\/Bild_Web_CSHumlikon.jpg","jetpack_sharing_enabled":true,"_links":{"self":[{"href":"https:\/\/cshumlikon.ch\/index.php\/wp-json\/wp\/v2\/posts\/6481","targetHints":{"allow":["GET"]}}],"collection":[{"href":"https:\/\/cshumlikon.ch\/index.php\/wp-json\/wp\/v2\/posts"}],"about":[{"href":"https:\/\/cshumlikon.ch\/index.php\/wp-json\/wp\/v2\/types\/post"}],"author":[{"embeddable":true,"href":"https:\/\/cshumlikon.ch\/index.php\/wp-json\/wp\/v2\/users\/2"}],"replies":[{"embeddable":true,"href":"https:\/\/cshumlikon.ch\/index.php\/wp-json\/wp\/v2\/comments?post=6481"}],"version-history":[{"count":0,"href":"https:\/\/cshumlikon.ch\/index.php\/wp-json\/wp\/v2\/posts\/6481\/revisions"}],"wp:featuredmedia":[{"embeddable":true,"href":"https:\/\/cshumlikon.ch\/index.php\/wp-json\/wp\/v2\/media\/6482"}],"wp:attachment":[{"href":"https:\/\/cshumlikon.ch\/index.php\/wp-json\/wp\/v2\/media?parent=6481"}],"wp:term":[{"taxonomy":"category","embeddable":true,"href":"https:\/\/cshumlikon.ch\/index.php\/wp-json\/wp\/v2\/categories?post=6481"},{"taxonomy":"post_tag","embeddable":true,"href":"https:\/\/cshumlikon.ch\/index.php\/wp-json\/wp\/v2\/tags?post=6481"}],"curies":[{"name":"wp","href":"https:\/\/api.w.org\/{rel}","templated":true}]}}