{"id":6432,"date":"2022-04-08T20:49:15","date_gmt":"2022-04-08T20:49:15","guid":{"rendered":"https:\/\/cshumlikon.ch\/?p=6432"},"modified":"2022-04-08T20:49:15","modified_gmt":"2022-04-08T20:49:15","slug":"die-nachste-generation-freimuller-ubernimmt","status":"publish","type":"post","link":"https:\/\/cshumlikon.ch\/index.php\/2022\/04\/08\/die-nachste-generation-freimuller-ubernimmt\/","title":{"rendered":"Die n\u00e4chste Generation Freim\u00fcller \u00fcbernimmt"},"content":{"rendered":"<p><strong><em><img data-recalc-dims=\"1\" loading=\"lazy\" decoding=\"async\" class=\"alignleft wp-image-6434 \" src=\"https:\/\/i0.wp.com\/cshumlikon.ch\/wp-content\/uploads\/2022\/04\/882A7901-1024x683.jpg?resize=763%2C509&#038;ssl=1\" alt=\"\" width=\"763\" height=\"509\" \/>Stab\u00fcbergabe in Humlikon: Marcel Freim\u00fcller l\u00f6st seinen Vater Paul als OK-Pr\u00e4sident des Springturniers ab und wird dabei von seiner Schwester Melanie und seinem Bruder Patrick unterst\u00fctzt. Mit Unterst\u00fctzung des bisherigen Hauptsponsors sichern die Geschwister den Fortbestand der beliebten Veranstaltung im Weinland. Sie wird vom 1. bis 4. September 2022 als nationaler Concours mit regionalen und nationalen Springen ausgetragen.\u00a0\u00a0 <\/em><\/strong><\/p>\n<p>Ein Sommerende ohne Springturnier auf der familieneigenen Reitanlage? \u201eDas war f\u00fcr uns kaum vorstellbar\u201c, sagt Marcel Freim\u00fcller. \u201eEs w\u00e4re ein komisches Gef\u00fchl gewesen\u201c, findet seine Schwester Melanie und ihr Bruder Patrick erg\u00e4nzt: \u201eEs w\u00e4re schade, diese sch\u00f6ne Tradition zu verlieren.\u201c<\/p>\n<p>Die Geschwister Freim\u00fcller sind mit der Veranstaltung vor der Haust\u00fcre aufgewachsen. Seit die familieneigene Reitanlage am Dorfrand vom Humlikon im Jahr 1993 eingeweiht wurde, fanden dort Concours statt. Erst in der Halle, ab der Jahrtausendwende dann im Freien auf den neuen grossen Sandplatz.<\/p>\n<p>2005 machte das Springturnier einen Quantensprung und Paul Freim\u00fcller f\u00fchrte es zusammen mit seinen Partnern Fritz Pf\u00e4ndler und Gerold M\u00e4ndli 17 Mal mit internationaler Beteiligung durch. Obwohl sich der CSI \u2013 die Abk\u00fcrzung steht f\u00fcr Concours de Saut International \u2013 sowohl bei den Teilnehmern als auch dem Publikum grosser Beliebtheit erfreute, fand er im vergangenen August zum letzten Mal statt. \u201eDas Umfeld f\u00fcr eine internationale Veranstaltung wurde immer schwieriger, die Anforderungen und Auflagen stiegen st\u00e4ndig\u201c, begr\u00fcndete Paul Freim\u00fcller damals. Ausserdem wollten mehrere OK-Mitglieder und Helfer, die meisten von ihnen waren von Anfang an dabei, nicht mehr weitermachen.<\/p>\n<p><strong>Stab\u00fcbergabe innerhalb der Familie<\/strong><\/p>\n<p>Doch nun \u00fcbernimmt die n\u00e4chste Generation die Z\u00fcgel. Den Winter \u00fcber machten sich die Geschwister Freim\u00fcller Gedanken und entschlossen sich zu einem Neustart des Springens als nationale Veranstaltung. \u201eDie Voraussetzungen auf unserer Anlage sind daf\u00fcr optimal, das m\u00f6chten wir nicht ungenutzt lassen\u201c, erkl\u00e4rt Marcel Freim\u00fcller, mit 31 Jahren der j\u00fcngste des Trios und designierter neuer OK-Pr\u00e4sident. Seine zwei Jahre \u00e4ltere Schwester Melanie, die als einzige der Geschwister selber im Springsattel aktiv ist und wie ihr Vater \u00fcber beste Verbindungen zu den Pferdesportlern verf\u00fcgt, wird Sportchefin. Und Patrick, mit 35 Jahren der \u00e4lteste der Drei, \u00fcbernimmt von seiner Mutter Marianne die Leitung der Festwirtschaften, ausserdem wird der gelernte Landmaschinenmechaniker f\u00fcr die Bauten verantwortlich sein.<\/p>\n<p>Das neue OK kann auf eine erstklassige und bew\u00e4hrte Infrastruktur bauen sowie auf den reichen Erfahrungsschatz im Umfeld. \u201eDer Entscheid fiel dann mit der Zusage des bisherigen Hauptsponsors\u201c, sagt Marcel Freim\u00fcller.<\/p>\n<p>Ulrich Koller, Hauptaktion\u00e4r und Gesch\u00e4ftsf\u00fchrer der Lerch&amp;Partner Generalunternehmung AG mit Sitz in Winterthur, ist ein grosser F\u00f6rderer und erkl\u00e4rter Fan des Pferdesports: W\u00e4hrend f\u00fcnf Jahren unterst\u00fctzte er mit seiner Firma als Haupt- und Titelsponsor den Lerchpartner.ch CSI*** Humlikon. Nun setzen sowohl Koller als auch einige andere fr\u00fchere Partner und Sponsoren des CSI ihr Vertrauen in die junge Generation. \u201eWir sind dankbar, dass wir mit einer so guten Grundlage starten k\u00f6nnen\u201c, sagt Marcel Freim\u00fcller.<\/p>\n<p><strong>Regionale und nationale Springen<\/strong><\/p>\n<p>F\u00fcr die Organisatoren ist es deshalb Ehrensache, dass es am CS Humlikon wieder ein Knock-Out-Springen geben wird. Denn Ulrich Koller, der auch bei der neuen Veranstaltung Titelsponsor ist, gilt als \u201eRetter\u201c dieser attraktiven Pr\u00fcfungsform in der Region Z\u00fcrich. Das Ausscheidungsspringen, bei dem jeweils zwei Pferd\/Reiter-Paare im direkten Vergleich \u00fcber zwei identische Parcours antreten, wird am Samstagabend auf dem Programm stehen. \u201eUnd ich kann mir vorstellen, dass sich die regionalen und nationalen Reiterinnen und Reiter dabei nichts schenken und es sehr spannend wird\u201c, sagt die Sportchefin voraus.<\/p>\n<p>Neben dem Knock-Out und der Hauptpr\u00fcfung am Sonntag-nachmittag, die schon w\u00e4hrend des CSI legend\u00e4re Fixpunkte waren, werden an den vier Turniertagen des LerchPartner.ch CS Humlikon vom Donnerstag, 1. September, bis Sonntag, 4. September, Springen in allen regionalen und nationalen Kategorien von B\/R90 bis N145 auf dem Programm stehen. F\u00fcr den ersten Turniertag sind ausserdem je zwei Pr\u00fcfungen f\u00fcr 4-, 5- und 6-j\u00e4hrige Jungpferde geplant. \u201eEs ist uns ein Anliegen auch Startgelegenheiten f\u00fcr den vierbeinigen Nachwuchs anzubieten\u201c, erkl\u00e4rt Melanie Freim\u00fcller, die selber mit mehreren Pferden am Turnier mitreiten wird. Als Konkurrenten erwartet sie Reiterinnen und Reiter aus der Region und der gesamten Deutschschweiz.<\/p>\n<p><strong>Andere Zeiten, weniger Bauten<\/strong><\/p>\n<p>Der Anlass wird mit deutlich weniger Emissionen als fr\u00fcher \u00fcber die B\u00fchne gehen. Zum einen dauert er nur vier Tage, zum anderen werden die Springen nicht wie zu CSI-Zeiten bis in die sp\u00e4ten Abendstunden stattfinden. \u201eDenn die Reiterinnen und Reiter m\u00fcssen mit ihren Pferden ja wieder nach Hause fahren\u201c, sagt Patrick Freim\u00fcller. Stallzelte werden f\u00fcr die nationale Veranstaltung keine aufgestellt, auch auf das Errichten der Trib\u00fcne wird verzichtet. \u201eAnsonsten ist die tempor\u00e4re Infrastruktur vergleichbar mit den Vorjahren\u201c, sagt der Chef Bauten. An der langen Seite des Springplatzes, parallel zur Flachtaalstrasse \u00a0wird wieder eine grosse, \u00fcberdachte Festwirtschaft stehen. Auf der kurzen Seite bei der F\u00fchranlage gibt es wie bisher ein Restaurant mit VIP-Bereich, das neu von Roland H\u00e4usermann, dem Wirt des Restaurants zur Eintracht in Reutlingen, gef\u00fchrt wird. Und gegen\u00fcber bietet eine erh\u00f6hte Plattform gen\u00fcgend Platz f\u00fcr ein Caf\u00e9 und eine Terrasse mit bester Sicht auf den Parcours.<br \/>\nF\u00fcr die Aussteller gibt es kein eigenes Zelt mehr, sie erhalten jedoch rund um die Arena genug Platz um ihre St\u00e4nde aufzubauen. Reiterpartys und Discos finden in der kleinen Reithalle keine mehr statt, aber es gibt eine Bar, die t\u00e4glich ge\u00f6ffnet ist und dort spielt ausser am Sonntag jeden Abend live Musik. Der Eintritt wird an allen Tagen f\u00fcr alle Zuschaurinnen und Zuschauer kostenlos sein.<\/p>\n","protected":false},"excerpt":{"rendered":"<p>Stab\u00fcbergabe in Humlikon: Marcel Freim\u00fcller l\u00f6st seinen Vater Paul als OK-Pr\u00e4sident des Springturniers ab und&#8230;<\/p>\n","protected":false},"author":2,"featured_media":6434,"comment_status":"closed","ping_status":"closed","sticky":false,"template":"","format":"standard","meta":{"_jetpack_memberships_contains_paid_content":false,"footnotes":""},"categories":[1],"tags":[],"class_list":["post-6432","post","type-post","status-publish","format-standard","has-post-thumbnail","hentry","category-uncategorized"],"jetpack_featured_media_url":"https:\/\/cshumlikon.ch\/wp-content\/uploads\/2022\/04\/882A7901-scaled-1.jpg","jetpack_sharing_enabled":true,"_links":{"self":[{"href":"https:\/\/cshumlikon.ch\/index.php\/wp-json\/wp\/v2\/posts\/6432","targetHints":{"allow":["GET"]}}],"collection":[{"href":"https:\/\/cshumlikon.ch\/index.php\/wp-json\/wp\/v2\/posts"}],"about":[{"href":"https:\/\/cshumlikon.ch\/index.php\/wp-json\/wp\/v2\/types\/post"}],"author":[{"embeddable":true,"href":"https:\/\/cshumlikon.ch\/index.php\/wp-json\/wp\/v2\/users\/2"}],"replies":[{"embeddable":true,"href":"https:\/\/cshumlikon.ch\/index.php\/wp-json\/wp\/v2\/comments?post=6432"}],"version-history":[{"count":0,"href":"https:\/\/cshumlikon.ch\/index.php\/wp-json\/wp\/v2\/posts\/6432\/revisions"}],"wp:featuredmedia":[{"embeddable":true,"href":"https:\/\/cshumlikon.ch\/index.php\/wp-json\/wp\/v2\/media\/6434"}],"wp:attachment":[{"href":"https:\/\/cshumlikon.ch\/index.php\/wp-json\/wp\/v2\/media?parent=6432"}],"wp:term":[{"taxonomy":"category","embeddable":true,"href":"https:\/\/cshumlikon.ch\/index.php\/wp-json\/wp\/v2\/categories?post=6432"},{"taxonomy":"post_tag","embeddable":true,"href":"https:\/\/cshumlikon.ch\/index.php\/wp-json\/wp\/v2\/tags?post=6432"}],"curies":[{"name":"wp","href":"https:\/\/api.w.org\/{rel}","templated":true}]}}