{"id":6331,"date":"2021-08-30T05:43:04","date_gmt":"2021-08-30T05:43:04","guid":{"rendered":"https:\/\/cshumlikon.ch\/?p=6331"},"modified":"2021-08-30T05:43:04","modified_gmt":"2021-08-30T05:43:04","slug":"paul-freimuller-im-interview-wieso-das-der-letzte-csi-war","status":"publish","type":"post","link":"https:\/\/cshumlikon.ch\/index.php\/2021\/08\/30\/paul-freimuller-im-interview-wieso-das-der-letzte-csi-war\/","title":{"rendered":"Paul Freim\u00fcller im Interview: Wieso das der letzte CSI war"},"content":{"rendered":"<h3><img data-recalc-dims=\"1\" loading=\"lazy\" decoding=\"async\" class=\"alignnone wp-image-6278\" src=\"https:\/\/i0.wp.com\/cshumlikon.ch\/wp-content\/uploads\/2021\/08\/882A9187-300x250.jpg?resize=378%2C315&#038;ssl=1\" alt=\"\" width=\"378\" height=\"315\" \/><\/h3>\n<h3><\/h3>\n<h3><strong>\u201eDer Entscheid war schwer, aber der Zeitpunkt ist richtig\u201c<\/strong><\/h3>\n<h6><strong>\u00a0<\/strong><strong><em>Der LerchPartner.ch CSI3* Humlikon hat sich zu einer festen Gr\u00f6sse im internationalen Pferdesport-Kalender entwickelt. OK-Co-Pr\u00e4sident Paul Freim\u00fcller erkl\u00e4rt, weshalb die aktuelle Austragung trotzdem die letzte war.<\/em><\/strong><\/h6>\n<p><strong><em>Paul Freim\u00fcller, am Sonntagabend gingen die Lichter des CSI Humlikon f\u00fcr immer aus. Wieso?<\/em><\/strong><\/p>\n<p>Daf\u00fcr gibt es verschiedene Gr\u00fcnde. Wir f\u00fchren das Springturnier seit 28 Jahren durch, 17 davon als internationale Dreistern-Veranstaltung. Die meisten OK-Mitglieder, viele Helfer und Partner waren von Anfang an dabei und sind mit dem CSI \u00e4lter geworden. Nun haben gleich mehrere in der Organisation nicht so einfach ersetzbare Personen entschieden, dass sie nicht mehr weiter machen m\u00f6chten. Zudem ist das Umfeld f\u00fcr uns Turnierveranstalter schwieriger geworden. Wir sehen uns st\u00e4ndig mit neuen Anforderungen und Auflagen der Beh\u00f6rden sowie des nationalen und des internationalen Reitsportverbandes konfrontiert. Diese sind immer schwieriger zu erf\u00fcllen. Gleichzeitig hat sich die wirtschaftliche Situation verschlechtert, so dass wir den Abgang einiger grosser Sponsoren nicht ersetzen konnten.<\/p>\n<p><strong>\u00a0<\/strong><strong><em>Wie schwierig ist Ihnen dieser Entscheid gefallen?<\/em><\/strong><\/p>\n<p>Am Anfang war es sehr schwer. Aber die Vorbereitungen f\u00fcr die diesj\u00e4hrige Veranstaltung haben mir deutlich gezeigt, dass der Zeitpunkt richtig ist. Wir haben heutzutage Vorschriften zu erf\u00fcllen, die f\u00fcr uns fast nicht mehr zu bew\u00e4ltigen sind.<\/p>\n<p><strong><em>K\u00f6nnen Sie ein konkretes Beispiel nennen?<\/em><\/strong><\/p>\n<p>Davon gibt es eine ganze Reihe, aber nehmen wir nur einmal das\u00a0 Einstallen der Pferde. Nachdem Ausbruch des Herpesvirus im Sp\u00e4twinter, der ja zum Gl\u00fcck erfolgreich einged\u00e4mmt werden konnte, sind die Sicherheitsvorschriften nun fast absurd. Wir sind uns bewusst, dass diese zum Wohl der Vierbeiner geschieht, aber wenn wir bei \u00fcber 300 Pferden regelm\u00e4ssig Fieber messen und dar\u00fcber Buch f\u00fchren m\u00fcssen, ist das logistisch fast nicht mehr zu stemmen \u2013 und nur mit grossen zus\u00e4tzlichen Personalaufwand.<\/p>\n<p><strong>Was braucht es um heute erfolgreich ein grosses Pferdesportturnier durchzuf\u00fchren? <\/strong><\/p>\n<p>Als Privatpersonen, so wie das mein Partner Fritz Pf\u00e4ndler und ich es bis anhin getan haben, ist das praktisch nicht mehr m\u00f6glich. Wir hatten kurz \u00fcberlegt, uns einer der grossen Turnierserien anzuschliessen, aber das kam dann doch nicht in Frage. Zum einen h\u00e4tten wir langj\u00e4hrige Partner und Lieferanten austauschen und vor den Kopf stossen m\u00fcssen, zum anderen h\u00e4tte unser Turnier seinen famili\u00e4ren Charakter verloren und das wollten wir nicht. Als aktiver Reiter finde ich ausserdem, dass unser Turniergel\u00e4nde f\u00fcr ein F\u00fcnfstern-Turnier fast zu klein ist.<\/p>\n<p><strong>\u00a0<\/strong><strong><em>Wird es nun nie mehr Springen in Humlikon zu sehen geben<\/em><\/strong><strong>?<\/strong><\/p>\n<p>Nein, das ist nicht gesagt. Wir schliessen in diesem Jahr das internationale Kapitel ab und schauen dann weiter. Ich kann mir durchaus vorstellen, dass meine Kinder irgendwann das Zepter \u00fcbernehmen m\u00f6chten und ein kleineres, nationales Springen auf unserer Anlage durchf\u00fchren.<\/p>\n<p><strong>\u00a0<\/strong><strong>Welche pers\u00f6nliche Bilanz ziehen Sie nach fast 30 Jahren als Veranstalter?<\/strong><\/p>\n<p>Eine sehr positive. Es hat mir Freude bereitet, dass wir Springreitern auf allen Stufen etwas bieten und sie begeistern konnten, die Senioren genauso wie die regionalen, nationalen und die internationalen Teilnehmer. Nach der Veranstaltung habe ich jeweils von vielen Reiterinnen und Reitern ein positives Echo erhalten, das hat mich immer sehr gefreut.<\/p>\n<p><strong>Wie werden Sie k\u00fcnftig die Wochen rund um das CSI-Datum verbringen?\u00a0 <\/strong><\/p>\n<p>Da ich ja noch einen grossen Landwirtschaftsbetrieb sowie einen Reitstall habe und oft Reitstunden erteile, kann ich mich diesen Bereichen nun wieder verst\u00e4rkt widmen. Und ich bin auch nicht traurig, wenn ich seit Jahren das erste Mal wieder einmal eine Woche Ferien im Sommer machen kann!<\/p>\n<p><em>Interview: Angelika Nido W\u00e4lty<\/em><\/p>\n","protected":false},"excerpt":{"rendered":"<p>\u201eDer Entscheid war schwer, aber der Zeitpunkt ist richtig\u201c \u00a0Der LerchPartner.ch CSI3* Humlikon hat sich&#8230;<\/p>\n","protected":false},"author":2,"featured_media":6278,"comment_status":"closed","ping_status":"closed","sticky":false,"template":"","format":"standard","meta":{"_jetpack_memberships_contains_paid_content":false,"footnotes":""},"categories":[1],"tags":[],"class_list":["post-6331","post","type-post","status-publish","format-standard","has-post-thumbnail","hentry","category-uncategorized"],"jetpack_featured_media_url":"https:\/\/cshumlikon.ch\/wp-content\/uploads\/2021\/08\/882A9187-scaled-1.jpg","jetpack_sharing_enabled":true,"_links":{"self":[{"href":"https:\/\/cshumlikon.ch\/index.php\/wp-json\/wp\/v2\/posts\/6331","targetHints":{"allow":["GET"]}}],"collection":[{"href":"https:\/\/cshumlikon.ch\/index.php\/wp-json\/wp\/v2\/posts"}],"about":[{"href":"https:\/\/cshumlikon.ch\/index.php\/wp-json\/wp\/v2\/types\/post"}],"author":[{"embeddable":true,"href":"https:\/\/cshumlikon.ch\/index.php\/wp-json\/wp\/v2\/users\/2"}],"replies":[{"embeddable":true,"href":"https:\/\/cshumlikon.ch\/index.php\/wp-json\/wp\/v2\/comments?post=6331"}],"version-history":[{"count":0,"href":"https:\/\/cshumlikon.ch\/index.php\/wp-json\/wp\/v2\/posts\/6331\/revisions"}],"wp:featuredmedia":[{"embeddable":true,"href":"https:\/\/cshumlikon.ch\/index.php\/wp-json\/wp\/v2\/media\/6278"}],"wp:attachment":[{"href":"https:\/\/cshumlikon.ch\/index.php\/wp-json\/wp\/v2\/media?parent=6331"}],"wp:term":[{"taxonomy":"category","embeddable":true,"href":"https:\/\/cshumlikon.ch\/index.php\/wp-json\/wp\/v2\/categories?post=6331"},{"taxonomy":"post_tag","embeddable":true,"href":"https:\/\/cshumlikon.ch\/index.php\/wp-json\/wp\/v2\/tags?post=6331"}],"curies":[{"name":"wp","href":"https:\/\/api.w.org\/{rel}","templated":true}]}}