{"id":6009,"date":"2021-08-24T18:34:30","date_gmt":"2021-08-24T18:34:30","guid":{"rendered":"https:\/\/cshumlikon.ch\/?p=6009"},"modified":"2021-08-24T18:34:30","modified_gmt":"2021-08-24T18:34:30","slug":"kleiner-occ-final-geht-an-joyana-fah-mit-ilibria","status":"publish","type":"post","link":"https:\/\/cshumlikon.ch\/index.php\/2021\/08\/24\/kleiner-occ-final-geht-an-joyana-fah-mit-ilibria\/","title":{"rendered":"Kleiner OCC-Final geht an Joyana F\u00e4h mit Ilibria"},"content":{"rendered":"<p><img data-recalc-dims=\"1\" loading=\"lazy\" decoding=\"async\" class=\"alignnone size-medium wp-image-6011\" src=\"https:\/\/i0.wp.com\/cshumlikon.ch\/wp-content\/uploads\/2021\/08\/IMG_2592-300x249.jpg?resize=300%2C249&#038;ssl=1\" alt=\"\" width=\"300\" height=\"249\" \/> <img data-recalc-dims=\"1\" loading=\"lazy\" decoding=\"async\" class=\"alignnone  wp-image-6012\" src=\"https:\/\/i0.wp.com\/cshumlikon.ch\/wp-content\/uploads\/2021\/08\/IMG_2645-300x208.jpg?resize=358%2C248&#038;ssl=1\" alt=\"\" width=\"358\" height=\"248\" \/><\/p>\n<p>Joyana F\u00e4h aus Gossau, die Enkelin des bekannten Pferdeh\u00e4ndlers Xaver F\u00e4h nimmt an OCC-Qualifikationen und OCC-Finals teil, seit sie 16 Jahre alt war, ist auch schon im Grossen Final gestartet und erzielte heute ihren bisher gr\u00f6ssten Sieg: mit der erst 8-j\u00e4hrigen Ilibria, die sie vor einem Jahr ihrem Grossvater abkaufen konnte, sicherte sie sich als letzte Starterin ein einem spannenden Stechen den Kleinen Final im OCC-Cup 2021, den Preis der Naku Steinhandel AG, Basadingen. &#8222;Ilibira ist ein tolles Pferd, sehr vorsichtig, mit einer super Einstellung zum Sport&#8220;, schw\u00e4rmt ihre 23-j\u00e4hrige Reiterin, die in einem Treuhandb\u00fcro arbeitet. Vor einem Jahr war die Siegerin der Qualifikationen in Maienfeld und Gossau mit Ilibria auch schon im Kleinen OCC Cup-Final dabei. &#8222;Das war jedoch einer meiner ersten Turniere mit Ilibria und ich konnte damals noch nicht um den Sieg mitreiten&#8220; erz\u00e4hlt Joyana F\u00e4h.<\/p>\n<p>Nun pulverisierte sie im Stechen die Zeit der bis dahin F\u00fchrenden und nahm der zweitplatzierten Gabriela Maeder, Frauenfeld, mit Nairobi for Pleasure \u00fcber 4 Sekunden ab. Der dritte Rang ging an Andr\u00e9 Garnier aus Winkel im Sattel von Renato Peyers Cismet. Vierte wurde Dominique Styger, W\u00e4denswil, mit Cadrino, vor Urs Himmelberger, Oberaach, mit Ciara&#8217;s Cooldancer CH.<\/p>\n","protected":false},"excerpt":{"rendered":"<p>Joyana F\u00e4h aus Gossau, die Enkelin des bekannten Pferdeh\u00e4ndlers Xaver F\u00e4h nimmt an OCC-Qualifikationen und&#8230;<\/p>\n","protected":false},"author":2,"featured_media":6012,"comment_status":"closed","ping_status":"closed","sticky":false,"template":"","format":"standard","meta":{"_jetpack_memberships_contains_paid_content":false,"footnotes":""},"categories":[1],"tags":[],"class_list":["post-6009","post","type-post","status-publish","format-standard","has-post-thumbnail","hentry","category-uncategorized"],"jetpack_featured_media_url":"https:\/\/cshumlikon.ch\/wp-content\/uploads\/2021\/08\/IMG_2645-scaled-1.jpg","jetpack_sharing_enabled":true,"_links":{"self":[{"href":"https:\/\/cshumlikon.ch\/index.php\/wp-json\/wp\/v2\/posts\/6009","targetHints":{"allow":["GET"]}}],"collection":[{"href":"https:\/\/cshumlikon.ch\/index.php\/wp-json\/wp\/v2\/posts"}],"about":[{"href":"https:\/\/cshumlikon.ch\/index.php\/wp-json\/wp\/v2\/types\/post"}],"author":[{"embeddable":true,"href":"https:\/\/cshumlikon.ch\/index.php\/wp-json\/wp\/v2\/users\/2"}],"replies":[{"embeddable":true,"href":"https:\/\/cshumlikon.ch\/index.php\/wp-json\/wp\/v2\/comments?post=6009"}],"version-history":[{"count":0,"href":"https:\/\/cshumlikon.ch\/index.php\/wp-json\/wp\/v2\/posts\/6009\/revisions"}],"wp:featuredmedia":[{"embeddable":true,"href":"https:\/\/cshumlikon.ch\/index.php\/wp-json\/wp\/v2\/media\/6012"}],"wp:attachment":[{"href":"https:\/\/cshumlikon.ch\/index.php\/wp-json\/wp\/v2\/media?parent=6009"}],"wp:term":[{"taxonomy":"category","embeddable":true,"href":"https:\/\/cshumlikon.ch\/index.php\/wp-json\/wp\/v2\/categories?post=6009"},{"taxonomy":"post_tag","embeddable":true,"href":"https:\/\/cshumlikon.ch\/index.php\/wp-json\/wp\/v2\/tags?post=6009"}],"curies":[{"name":"wp","href":"https:\/\/api.w.org\/{rel}","templated":true}]}}