{"id":5763,"date":"2021-07-19T06:29:59","date_gmt":"2021-07-19T06:29:59","guid":{"rendered":"https:\/\/cshumlikon.ch\/?p=5763"},"modified":"2021-07-19T06:29:59","modified_gmt":"2021-07-19T06:29:59","slug":"der-baustart-ist-erfolgt","status":"publish","type":"post","link":"https:\/\/cshumlikon.ch\/index.php\/2021\/07\/19\/der-baustart-ist-erfolgt\/","title":{"rendered":"Der Baustart ist erfolgt!"},"content":{"rendered":"<div class=\"\" dir=\"auto\">\n<div id=\"jsc_c_18t\" class=\"ecm0bbzt hv4rvrfc ihqw7lf3 dati1w0a\" data-ad-comet-preview=\"message\" data-ad-preview=\"message\">\n<div class=\"j83agx80 cbu4d94t ew0dbk1b irj2b8pg\">\n<div class=\"qzhwtbm6 knvmm38d\">\n<div class=\"o9v6fnle cxmmr5t8 oygrvhab hcukyx3x c1et5uql ii04i59q\">\n<div dir=\"auto\"><img data-recalc-dims=\"1\" loading=\"lazy\" decoding=\"async\" class=\"alignnone size-medium wp-image-5764\" src=\"https:\/\/i0.wp.com\/cshumlikon.ch\/wp-content\/uploads\/2021\/07\/842f8404-657f-4c17-a1d4-31de5bd1359e.jpg?resize=225%2C300&#038;ssl=1\" alt=\"\" width=\"225\" height=\"300\" srcset=\"https:\/\/i0.wp.com\/cshumlikon.ch\/wp-content\/uploads\/2021\/07\/842f8404-657f-4c17-a1d4-31de5bd1359e.jpg?resize=225%2C300&amp;ssl=1 225w, https:\/\/i0.wp.com\/cshumlikon.ch\/wp-content\/uploads\/2021\/07\/842f8404-657f-4c17-a1d4-31de5bd1359e.jpg?resize=768%2C1024&amp;ssl=1 768w, https:\/\/i0.wp.com\/cshumlikon.ch\/wp-content\/uploads\/2021\/07\/842f8404-657f-4c17-a1d4-31de5bd1359e.jpg?w=1512&amp;ssl=1 1512w\" sizes=\"auto, (max-width: 225px) 100vw, 225px\" \/><\/div>\n<div dir=\"auto\"><\/div>\n<div dir=\"auto\">In f\u00fcnf Wochen, am Montag, 23. August, geht es los mit dem LerchPartner.ch CSI Humlikon 2021. Bis es soweit ist, muss erst noch der Grossteil der Infrastruktur rund um den bestehenden Sandplatz aufgebaut werden. Heute morgen in aller Fr\u00fch ist der Baustart f\u00fcr das diesj\u00e4hrige Turier erfolgt. In den n\u00e4chsten Wochen ensteht eine regelrechte kleine Stadt aus mehrere tempor\u00e4re Bauten f\u00fcr die Zuschauer, Springreiterinnen und Springreiter aus ganz Europa &#8211; und nat\u00fcrlich f\u00fcr die Pferde.<\/div>\n<\/div>\n<\/div>\n<\/div>\n<\/div>\n<\/div>\n","protected":false},"excerpt":{"rendered":"<p>In f\u00fcnf Wochen, am Montag, 23. August, geht es los mit dem LerchPartner.ch CSI Humlikon&#8230;<\/p>\n","protected":false},"author":2,"featured_media":5764,"comment_status":"closed","ping_status":"closed","sticky":false,"template":"","format":"standard","meta":{"_jetpack_memberships_contains_paid_content":false,"footnotes":""},"categories":[1],"tags":[],"class_list":["post-5763","post","type-post","status-publish","format-standard","has-post-thumbnail","hentry","category-uncategorized"],"jetpack_featured_media_url":"https:\/\/cshumlikon.ch\/wp-content\/uploads\/2021\/07\/842f8404-657f-4c17-a1d4-31de5bd1359e.jpg","jetpack_sharing_enabled":true,"_links":{"self":[{"href":"https:\/\/cshumlikon.ch\/index.php\/wp-json\/wp\/v2\/posts\/5763","targetHints":{"allow":["GET"]}}],"collection":[{"href":"https:\/\/cshumlikon.ch\/index.php\/wp-json\/wp\/v2\/posts"}],"about":[{"href":"https:\/\/cshumlikon.ch\/index.php\/wp-json\/wp\/v2\/types\/post"}],"author":[{"embeddable":true,"href":"https:\/\/cshumlikon.ch\/index.php\/wp-json\/wp\/v2\/users\/2"}],"replies":[{"embeddable":true,"href":"https:\/\/cshumlikon.ch\/index.php\/wp-json\/wp\/v2\/comments?post=5763"}],"version-history":[{"count":0,"href":"https:\/\/cshumlikon.ch\/index.php\/wp-json\/wp\/v2\/posts\/5763\/revisions"}],"wp:featuredmedia":[{"embeddable":true,"href":"https:\/\/cshumlikon.ch\/index.php\/wp-json\/wp\/v2\/media\/5764"}],"wp:attachment":[{"href":"https:\/\/cshumlikon.ch\/index.php\/wp-json\/wp\/v2\/media?parent=5763"}],"wp:term":[{"taxonomy":"category","embeddable":true,"href":"https:\/\/cshumlikon.ch\/index.php\/wp-json\/wp\/v2\/categories?post=5763"},{"taxonomy":"post_tag","embeddable":true,"href":"https:\/\/cshumlikon.ch\/index.php\/wp-json\/wp\/v2\/tags?post=5763"}],"curies":[{"name":"wp","href":"https:\/\/api.w.org\/{rel}","templated":true}]}}