{"id":5027,"date":"2020-09-02T12:17:19","date_gmt":"2020-09-02T12:17:19","guid":{"rendered":"https:\/\/cshumlikon.ch\/?p=5027"},"modified":"2020-09-02T12:17:19","modified_gmt":"2020-09-02T12:17:19","slug":"theo-muff-vor-bruno-fuchs-und-theo-muff","status":"publish","type":"post","link":"https:\/\/cshumlikon.ch\/index.php\/2020\/09\/02\/theo-muff-vor-bruno-fuchs-und-theo-muff\/","title":{"rendered":"Theo Muff vor Bruno Fuchs und Theo Muff"},"content":{"rendered":"<p><img data-recalc-dims=\"1\" loading=\"lazy\" decoding=\"async\" class=\"alignnone wp-image-5028\" src=\"https:\/\/i0.wp.com\/cshumlikon.ch\/wp-content\/uploads\/2020\/09\/IMG_7799-1-300x225.jpg?resize=359%2C269&#038;ssl=1\" alt=\"\" width=\"359\" height=\"269\" \/><\/p>\n<p>Mit zwei aussergew\u00f6hnlichen Stuten, beide erst 6-j\u00e4hrig, zeigte der ehemalige Kaderreiter Theo Muff, dass mit ihm wohl auch bald in den grossen Pr\u00fcfungen wieder zu rechnen ist. Im Preis der Scherrer Geb\u00e4udeh\u00fcllen AG, Henggart, einem R\/N1115, ausgetragen als progressives Punktespringen, gewann er mit der Holsteinerin Helma souver\u00e4n und mit der bayrisch gezogenen Zoe K belegte er Rang 3. Verhindert wurde der Doppelsieg von Theo Muff, der\u00a0 seit rund einem Jahr mit seinem Pferden im Stall von Paul Freim\u00fcller in Humlikon eingemietet ist, vom Sieger der Vorpr\u00fcfung, Bruno Fuchs, der mit seiner schnellen Carlina RZI CH Rang 2 belegte.<\/p>\n<p>Foto Dirk Flotow<\/p>\n","protected":false},"excerpt":{"rendered":"<p>Mit zwei aussergew\u00f6hnlichen Stuten, beide erst 6-j\u00e4hrig, zeigte der ehemalige Kaderreiter Theo Muff, dass mit&#8230;<\/p>\n","protected":false},"author":2,"featured_media":5028,"comment_status":"closed","ping_status":"closed","sticky":false,"template":"","format":"standard","meta":{"_jetpack_memberships_contains_paid_content":false,"footnotes":""},"categories":[1],"tags":[],"class_list":["post-5027","post","type-post","status-publish","format-standard","has-post-thumbnail","hentry","category-uncategorized"],"jetpack_featured_media_url":"https:\/\/cshumlikon.ch\/wp-content\/uploads\/2020\/09\/IMG_7799-1-scaled-1.jpg","jetpack_sharing_enabled":true,"_links":{"self":[{"href":"https:\/\/cshumlikon.ch\/index.php\/wp-json\/wp\/v2\/posts\/5027","targetHints":{"allow":["GET"]}}],"collection":[{"href":"https:\/\/cshumlikon.ch\/index.php\/wp-json\/wp\/v2\/posts"}],"about":[{"href":"https:\/\/cshumlikon.ch\/index.php\/wp-json\/wp\/v2\/types\/post"}],"author":[{"embeddable":true,"href":"https:\/\/cshumlikon.ch\/index.php\/wp-json\/wp\/v2\/users\/2"}],"replies":[{"embeddable":true,"href":"https:\/\/cshumlikon.ch\/index.php\/wp-json\/wp\/v2\/comments?post=5027"}],"version-history":[{"count":0,"href":"https:\/\/cshumlikon.ch\/index.php\/wp-json\/wp\/v2\/posts\/5027\/revisions"}],"wp:featuredmedia":[{"embeddable":true,"href":"https:\/\/cshumlikon.ch\/index.php\/wp-json\/wp\/v2\/media\/5028"}],"wp:attachment":[{"href":"https:\/\/cshumlikon.ch\/index.php\/wp-json\/wp\/v2\/media?parent=5027"}],"wp:term":[{"taxonomy":"category","embeddable":true,"href":"https:\/\/cshumlikon.ch\/index.php\/wp-json\/wp\/v2\/categories?post=5027"},{"taxonomy":"post_tag","embeddable":true,"href":"https:\/\/cshumlikon.ch\/index.php\/wp-json\/wp\/v2\/tags?post=5027"}],"curies":[{"name":"wp","href":"https:\/\/api.w.org\/{rel}","templated":true}]}}