{"id":4683,"date":"2019-09-03T09:00:48","date_gmt":"2019-09-03T09:00:48","guid":{"rendered":"https:\/\/cshumlikon.ch\/?p=4683"},"modified":"2019-09-03T09:00:48","modified_gmt":"2019-09-03T09:00:48","slug":"der-dank-des-oks","status":"publish","type":"post","link":"https:\/\/cshumlikon.ch\/index.php\/2019\/09\/03\/der-dank-des-oks\/","title":{"rendered":"Der Dank des OKs"},"content":{"rendered":"\n<figure class=\"wp-block-image\"><img data-recalc-dims=\"1\" loading=\"lazy\" decoding=\"async\" width=\"780\" height=\"546\" src=\"https:\/\/i0.wp.com\/cshumlikon.ch\/wp-content\/uploads\/2019\/09\/OK_vlnr_GeroldMaendli_PaulFreimueller_UlrichKoller-Lerch-und-Partner-Kaethi-Maendli-Fritz-Pfaendler.jpg?resize=780%2C546&#038;ssl=1\" alt=\"\" class=\"wp-image-4684\" srcset=\"https:\/\/i0.wp.com\/cshumlikon.ch\/wp-content\/uploads\/2019\/09\/OK_vlnr_GeroldMaendli_PaulFreimueller_UlrichKoller-Lerch-und-Partner-Kaethi-Maendli-Fritz-Pfaendler-scaled.jpg?resize=1024%2C717&amp;ssl=1 1024w, https:\/\/i0.wp.com\/cshumlikon.ch\/wp-content\/uploads\/2019\/09\/OK_vlnr_GeroldMaendli_PaulFreimueller_UlrichKoller-Lerch-und-Partner-Kaethi-Maendli-Fritz-Pfaendler-scaled.jpg?resize=300%2C210&amp;ssl=1 300w, https:\/\/i0.wp.com\/cshumlikon.ch\/wp-content\/uploads\/2019\/09\/OK_vlnr_GeroldMaendli_PaulFreimueller_UlrichKoller-Lerch-und-Partner-Kaethi-Maendli-Fritz-Pfaendler-scaled.jpg?w=1560&amp;ssl=1 1560w, https:\/\/i0.wp.com\/cshumlikon.ch\/wp-content\/uploads\/2019\/09\/OK_vlnr_GeroldMaendli_PaulFreimueller_UlrichKoller-Lerch-und-Partner-Kaethi-Maendli-Fritz-Pfaendler-scaled.jpg?w=2340&amp;ssl=1 2340w\" sizes=\"auto, (max-width: 780px) 100vw, 780px\" \/><figcaption>Das OK mit (v.l.) Gerold M\u00e4ndli, Paul Freim\u00fcller, Ulrich Koller, Inhaber und Gesch\u00e4ftsf\u00fchrer des Titel-\/Presenting-Partners Lerch &amp; Partner Generalunternehmung AG, K\u00e4thi M\u00e4ndli und Fritz Pf\u00e4ndler. <\/figcaption><\/figure>\n\n\n\n<p>\u201eEs ist wie beim Heuen\u201c, sagte Paul Freim\u00fcller, der mit Fritz Pf\u00e4ndler dem CSI-OK vorsteht, \u201ewenn das Wetter sch\u00f6n ist, geht alles viel einfacher.\u201c  Nach den Wetterkapriolen mit Sturm und Regen im Vorjahr, meinte es Petrus in diesem Jahr gut mit dem LerchPartner.ch CSI, es herrschte an allen sieben Turniertagen allerbeste Bedingungen. Das Sp\u00e4tsommerwetter &#8211; zusammen mit dem attraktiven Programm an Springpr\u00fcfungen &#8211; sorgte daf\u00fcr, dass es am LerchPartner.ch CSI 2019 einen neuen Besucherrekord zu verzeichnen gibt: sch\u00e4tzungweise sahen rund 25&#8217;000 Zuschauer \u00fcber die sieben Tage spannenden Pferdesport direkt vor Ort. Dazu gesellen sich noch einmal einige Tausend im Livestream \u00fcber Internet und als Zuschauer von Tele Z. Dementsprechend positiv f\u00e4llt die Bilanz der Veranstalter aus. <\/p>\n\n\n\n<p>Nur ein Anliegen hat das OK noch: es m\u00f6chte sich ganz herzlich bedanken bei allen, die sich mit viel Herzblut und Engagement f\u00fcr den LerchPartner.ch CSI eingesetzt haben: allen Sponsoren und Partnern f\u00fcr ihre Unterst\u00fctzung, allen Helferinnen und Helfern sowie Funktion\u00e4ren f\u00fcr ihren unerm\u00fcdlichen Einsatz, allen Nachbaren und Anwohnern f\u00fcr ihr Verst\u00e4ndnis und ihre Toleranz &#8211; und last but not least allen Besucherinnen und Besuchern, die mit ihrem Erscheinen den Pferdesportlern eine w\u00fcrdige Kulisse bereiteten: DANKE !!!  <\/p>\n\n\n\n<p><\/p>\n\n\n\n<p>Ausserdem bescherte es den Veranstaltern einen neuen Besucherrekord: gesch\u00e4tzte 25\u2018000 Personen verfolgenden die Springen vor Ort mit. Und sie wurden nicht entt\u00e4uscht: in allen Kategorien wurde spannender Pferdesport gezeigt. <\/p>\n","protected":false},"excerpt":{"rendered":"<p>\u201eEs ist wie beim Heuen\u201c, sagte Paul Freim\u00fcller, der mit Fritz Pf\u00e4ndler dem CSI-OK vorsteht,&#8230;<\/p>\n","protected":false},"author":2,"featured_media":4684,"comment_status":"closed","ping_status":"closed","sticky":false,"template":"","format":"standard","meta":{"_jetpack_memberships_contains_paid_content":false,"footnotes":""},"categories":[1],"tags":[],"class_list":["post-4683","post","type-post","status-publish","format-standard","has-post-thumbnail","hentry","category-uncategorized"],"jetpack_featured_media_url":"https:\/\/cshumlikon.ch\/wp-content\/uploads\/2019\/09\/OK_vlnr_GeroldMaendli_PaulFreimueller_UlrichKoller-Lerch-und-Partner-Kaethi-Maendli-Fritz-Pfaendler-scaled.jpg","jetpack_sharing_enabled":true,"_links":{"self":[{"href":"https:\/\/cshumlikon.ch\/index.php\/wp-json\/wp\/v2\/posts\/4683","targetHints":{"allow":["GET"]}}],"collection":[{"href":"https:\/\/cshumlikon.ch\/index.php\/wp-json\/wp\/v2\/posts"}],"about":[{"href":"https:\/\/cshumlikon.ch\/index.php\/wp-json\/wp\/v2\/types\/post"}],"author":[{"embeddable":true,"href":"https:\/\/cshumlikon.ch\/index.php\/wp-json\/wp\/v2\/users\/2"}],"replies":[{"embeddable":true,"href":"https:\/\/cshumlikon.ch\/index.php\/wp-json\/wp\/v2\/comments?post=4683"}],"version-history":[{"count":0,"href":"https:\/\/cshumlikon.ch\/index.php\/wp-json\/wp\/v2\/posts\/4683\/revisions"}],"wp:featuredmedia":[{"embeddable":true,"href":"https:\/\/cshumlikon.ch\/index.php\/wp-json\/wp\/v2\/media\/4684"}],"wp:attachment":[{"href":"https:\/\/cshumlikon.ch\/index.php\/wp-json\/wp\/v2\/media?parent=4683"}],"wp:term":[{"taxonomy":"category","embeddable":true,"href":"https:\/\/cshumlikon.ch\/index.php\/wp-json\/wp\/v2\/categories?post=4683"},{"taxonomy":"post_tag","embeddable":true,"href":"https:\/\/cshumlikon.ch\/index.php\/wp-json\/wp\/v2\/tags?post=4683"}],"curies":[{"name":"wp","href":"https:\/\/api.w.org\/{rel}","templated":true}]}}