{"id":3239,"date":"2018-08-23T15:26:02","date_gmt":"2018-08-23T15:26:02","guid":{"rendered":"https:\/\/cshumlikon.ch\/?p=3239"},"modified":"2018-08-23T15:26:02","modified_gmt":"2018-08-23T15:26:02","slug":"tolle-vorschau-in-der-pferdewoche","status":"publish","type":"post","link":"https:\/\/cshumlikon.ch\/index.php\/2018\/08\/23\/tolle-vorschau-in-der-pferdewoche\/","title":{"rendered":"Tolle Vorschau in der PferdeWoche"},"content":{"rendered":"<p><img data-recalc-dims=\"1\" loading=\"lazy\" decoding=\"async\" class=\"alignnone size-medium wp-image-3240\" src=\"https:\/\/i0.wp.com\/cshumlikon.ch\/wp-content\/uploads\/2018\/08\/PW1.jpg?resize=228%2C300&#038;ssl=1\" alt=\"\" width=\"228\" height=\"300\" srcset=\"https:\/\/i0.wp.com\/cshumlikon.ch\/wp-content\/uploads\/2018\/08\/PW1.jpg?resize=228%2C300&amp;ssl=1 228w, https:\/\/i0.wp.com\/cshumlikon.ch\/wp-content\/uploads\/2018\/08\/PW1.jpg?w=486&amp;ssl=1 486w\" sizes=\"auto, (max-width: 228px) 100vw, 228px\" \/><img data-recalc-dims=\"1\" loading=\"lazy\" decoding=\"async\" class=\"alignnone size-medium wp-image-3241\" src=\"https:\/\/i0.wp.com\/cshumlikon.ch\/wp-content\/uploads\/2018\/08\/PW2.jpg?resize=226%2C300&#038;ssl=1\" alt=\"\" width=\"226\" height=\"300\" srcset=\"https:\/\/i0.wp.com\/cshumlikon.ch\/wp-content\/uploads\/2018\/08\/PW2.jpg?resize=226%2C300&amp;ssl=1 226w, https:\/\/i0.wp.com\/cshumlikon.ch\/wp-content\/uploads\/2018\/08\/PW2.jpg?w=479&amp;ssl=1 479w\" sizes=\"auto, (max-width: 226px) 100vw, 226px\" \/><\/p>\n<p>Die PferdeWoche, einer der Medienpartner des LerchPartner.ch CSI Humlikon, hat in seiner aktuellen Ausgabe eine tolle Vorschau auf unser internationales Springturnier im Z\u00fcrcher Weinland ver\u00f6ffentlicht. Auf 2 Seiten (Seite 26 und Seite 27) finden sich jede Menge Informationen rund um den diesj\u00e4hrigen CSI sowie ein ausf\u00fchrlicher Zeitplan\/Programm.<\/p>\n<p>N\u00e4chste Woche erscheint dann eine weitere Vorschau in der PferdeWoche mit den Namen der Teilnehmer f\u00fcr die Schweizer Meisterschaft Elite und die internationalen Pr\u00fcfungen.<\/p>\n","protected":false},"excerpt":{"rendered":"<p>Die PferdeWoche, einer der Medienpartner des LerchPartner.ch CSI Humlikon, hat in seiner aktuellen Ausgabe eine&#8230;<\/p>\n","protected":false},"author":2,"featured_media":3242,"comment_status":"closed","ping_status":"closed","sticky":false,"template":"","format":"standard","meta":{"_jetpack_memberships_contains_paid_content":false,"footnotes":""},"categories":[1],"tags":[],"class_list":["post-3239","post","type-post","status-publish","format-standard","has-post-thumbnail","hentry","category-uncategorized"],"jetpack_featured_media_url":"https:\/\/cshumlikon.ch\/wp-content\/uploads\/2018\/08\/PW_vorschau.jpg","jetpack_sharing_enabled":true,"_links":{"self":[{"href":"https:\/\/cshumlikon.ch\/index.php\/wp-json\/wp\/v2\/posts\/3239","targetHints":{"allow":["GET"]}}],"collection":[{"href":"https:\/\/cshumlikon.ch\/index.php\/wp-json\/wp\/v2\/posts"}],"about":[{"href":"https:\/\/cshumlikon.ch\/index.php\/wp-json\/wp\/v2\/types\/post"}],"author":[{"embeddable":true,"href":"https:\/\/cshumlikon.ch\/index.php\/wp-json\/wp\/v2\/users\/2"}],"replies":[{"embeddable":true,"href":"https:\/\/cshumlikon.ch\/index.php\/wp-json\/wp\/v2\/comments?post=3239"}],"version-history":[{"count":0,"href":"https:\/\/cshumlikon.ch\/index.php\/wp-json\/wp\/v2\/posts\/3239\/revisions"}],"wp:featuredmedia":[{"embeddable":true,"href":"https:\/\/cshumlikon.ch\/index.php\/wp-json\/wp\/v2\/media\/3242"}],"wp:attachment":[{"href":"https:\/\/cshumlikon.ch\/index.php\/wp-json\/wp\/v2\/media?parent=3239"}],"wp:term":[{"taxonomy":"category","embeddable":true,"href":"https:\/\/cshumlikon.ch\/index.php\/wp-json\/wp\/v2\/categories?post=3239"},{"taxonomy":"post_tag","embeddable":true,"href":"https:\/\/cshumlikon.ch\/index.php\/wp-json\/wp\/v2\/tags?post=3239"}],"curies":[{"name":"wp","href":"https:\/\/api.w.org\/{rel}","templated":true}]}}