{"id":3223,"date":"2018-08-22T14:04:10","date_gmt":"2018-08-22T14:04:10","guid":{"rendered":"https:\/\/cshumlikon.ch\/?p=3223"},"modified":"2018-08-22T14:04:10","modified_gmt":"2018-08-22T14:04:10","slug":"schwitzen-fur-den-feinschliff","status":"publish","type":"post","link":"https:\/\/cshumlikon.ch\/index.php\/2018\/08\/22\/schwitzen-fur-den-feinschliff\/","title":{"rendered":"Schwitzen f\u00fcr den Feinschliff"},"content":{"rendered":"<p><img data-recalc-dims=\"1\" loading=\"lazy\" decoding=\"async\" class=\"alignnone size-medium wp-image-3224\" src=\"https:\/\/i0.wp.com\/cshumlikon.ch\/wp-content\/uploads\/2018\/08\/IMG_2031.jpg?resize=300%2C200&#038;ssl=1\" alt=\"\" width=\"300\" height=\"200\" srcset=\"https:\/\/i0.wp.com\/cshumlikon.ch\/wp-content\/uploads\/2018\/08\/IMG_2031-scaled.jpg?resize=300%2C200&amp;ssl=1 300w, https:\/\/i0.wp.com\/cshumlikon.ch\/wp-content\/uploads\/2018\/08\/IMG_2031-scaled.jpg?resize=1024%2C683&amp;ssl=1 1024w, https:\/\/i0.wp.com\/cshumlikon.ch\/wp-content\/uploads\/2018\/08\/IMG_2031-scaled.jpg?w=1560&amp;ssl=1 1560w, https:\/\/i0.wp.com\/cshumlikon.ch\/wp-content\/uploads\/2018\/08\/IMG_2031-scaled.jpg?w=2340&amp;ssl=1 2340w\" sizes=\"auto, (max-width: 300px) 100vw, 300px\" \/> <img data-recalc-dims=\"1\" loading=\"lazy\" decoding=\"async\" class=\"alignnone size-medium wp-image-3225\" src=\"https:\/\/i0.wp.com\/cshumlikon.ch\/wp-content\/uploads\/2018\/08\/IMG_2035.jpg?resize=300%2C200&#038;ssl=1\" alt=\"\" width=\"300\" height=\"200\" srcset=\"https:\/\/i0.wp.com\/cshumlikon.ch\/wp-content\/uploads\/2018\/08\/IMG_2035-scaled.jpg?resize=300%2C200&amp;ssl=1 300w, https:\/\/i0.wp.com\/cshumlikon.ch\/wp-content\/uploads\/2018\/08\/IMG_2035-scaled.jpg?resize=1024%2C683&amp;ssl=1 1024w, https:\/\/i0.wp.com\/cshumlikon.ch\/wp-content\/uploads\/2018\/08\/IMG_2035-scaled.jpg?w=1560&amp;ssl=1 1560w, https:\/\/i0.wp.com\/cshumlikon.ch\/wp-content\/uploads\/2018\/08\/IMG_2035-scaled.jpg?w=2340&amp;ssl=1 2340w\" sizes=\"auto, (max-width: 300px) 100vw, 300px\" \/> <img data-recalc-dims=\"1\" loading=\"lazy\" decoding=\"async\" class=\"alignnone size-medium wp-image-3226\" src=\"https:\/\/i0.wp.com\/cshumlikon.ch\/wp-content\/uploads\/2018\/08\/IMG_2043.jpg?resize=300%2C200&#038;ssl=1\" alt=\"\" width=\"300\" height=\"200\" srcset=\"https:\/\/i0.wp.com\/cshumlikon.ch\/wp-content\/uploads\/2018\/08\/IMG_2043-scaled.jpg?resize=300%2C200&amp;ssl=1 300w, https:\/\/i0.wp.com\/cshumlikon.ch\/wp-content\/uploads\/2018\/08\/IMG_2043-scaled.jpg?resize=1024%2C683&amp;ssl=1 1024w, https:\/\/i0.wp.com\/cshumlikon.ch\/wp-content\/uploads\/2018\/08\/IMG_2043-scaled.jpg?w=1560&amp;ssl=1 1560w, https:\/\/i0.wp.com\/cshumlikon.ch\/wp-content\/uploads\/2018\/08\/IMG_2043-scaled.jpg?w=2340&amp;ssl=1 2340w\" sizes=\"auto, (max-width: 300px) 100vw, 300px\" \/><\/p>\n<p>&nbsp;<\/p>\n<p>Die verschiedenen Festzelte stehen, die Trib\u00fcnen sind aufgestellt, Sandarena und Abreiteplatz sind bereit: Nun schwitzt das Bau-Team um Emil Keller und Fritz Pf\u00e4ndler bei nach wie vor hochsommerlichen Temperaturen an den letzten Vorbereitungsarbeiten f\u00fcr den LerchPartner.ch CSI Humlikon, der am Montag, 27. August los geht. K\u00fcchenger\u00e4te und Geschirr werden angeliefert, die neuen weissen &#8222;H\u00e4\u00e4gli&#8220; im VIP-Bereich platziert, die R\u00e4umlichkeiten f\u00fcr die Aussteller bereit gestellt und und und&#8230;.<\/p>\n<p>&nbsp;<\/p>\n<p><img data-recalc-dims=\"1\" loading=\"lazy\" decoding=\"async\" class=\"alignnone size-medium wp-image-3227\" src=\"https:\/\/i0.wp.com\/cshumlikon.ch\/wp-content\/uploads\/2018\/08\/IMG_2045.jpg?resize=300%2C200&#038;ssl=1\" alt=\"\" width=\"300\" height=\"200\" srcset=\"https:\/\/i0.wp.com\/cshumlikon.ch\/wp-content\/uploads\/2018\/08\/IMG_2045-scaled.jpg?resize=300%2C200&amp;ssl=1 300w, https:\/\/i0.wp.com\/cshumlikon.ch\/wp-content\/uploads\/2018\/08\/IMG_2045-scaled.jpg?resize=1024%2C683&amp;ssl=1 1024w, https:\/\/i0.wp.com\/cshumlikon.ch\/wp-content\/uploads\/2018\/08\/IMG_2045-scaled.jpg?w=1560&amp;ssl=1 1560w, https:\/\/i0.wp.com\/cshumlikon.ch\/wp-content\/uploads\/2018\/08\/IMG_2045-scaled.jpg?w=2340&amp;ssl=1 2340w\" sizes=\"auto, (max-width: 300px) 100vw, 300px\" \/><\/p>\n<p>&nbsp;<\/p>\n","protected":false},"excerpt":{"rendered":"<p>&nbsp; Die verschiedenen Festzelte stehen, die Trib\u00fcnen sind aufgestellt, Sandarena und Abreiteplatz sind bereit: Nun&#8230;<\/p>\n","protected":false},"author":2,"featured_media":3224,"comment_status":"closed","ping_status":"closed","sticky":false,"template":"","format":"standard","meta":{"_jetpack_memberships_contains_paid_content":false,"footnotes":""},"categories":[1],"tags":[],"class_list":["post-3223","post","type-post","status-publish","format-standard","has-post-thumbnail","hentry","category-uncategorized"],"jetpack_featured_media_url":"https:\/\/cshumlikon.ch\/wp-content\/uploads\/2018\/08\/IMG_2031-scaled.jpg","jetpack_sharing_enabled":true,"_links":{"self":[{"href":"https:\/\/cshumlikon.ch\/index.php\/wp-json\/wp\/v2\/posts\/3223","targetHints":{"allow":["GET"]}}],"collection":[{"href":"https:\/\/cshumlikon.ch\/index.php\/wp-json\/wp\/v2\/posts"}],"about":[{"href":"https:\/\/cshumlikon.ch\/index.php\/wp-json\/wp\/v2\/types\/post"}],"author":[{"embeddable":true,"href":"https:\/\/cshumlikon.ch\/index.php\/wp-json\/wp\/v2\/users\/2"}],"replies":[{"embeddable":true,"href":"https:\/\/cshumlikon.ch\/index.php\/wp-json\/wp\/v2\/comments?post=3223"}],"version-history":[{"count":0,"href":"https:\/\/cshumlikon.ch\/index.php\/wp-json\/wp\/v2\/posts\/3223\/revisions"}],"wp:featuredmedia":[{"embeddable":true,"href":"https:\/\/cshumlikon.ch\/index.php\/wp-json\/wp\/v2\/media\/3224"}],"wp:attachment":[{"href":"https:\/\/cshumlikon.ch\/index.php\/wp-json\/wp\/v2\/media?parent=3223"}],"wp:term":[{"taxonomy":"category","embeddable":true,"href":"https:\/\/cshumlikon.ch\/index.php\/wp-json\/wp\/v2\/categories?post=3223"},{"taxonomy":"post_tag","embeddable":true,"href":"https:\/\/cshumlikon.ch\/index.php\/wp-json\/wp\/v2\/tags?post=3223"}],"curies":[{"name":"wp","href":"https:\/\/api.w.org\/{rel}","templated":true}]}}