{"id":2621,"date":"2017-08-29T20:12:27","date_gmt":"2017-08-29T20:12:27","guid":{"rendered":"https:\/\/cshumlikon.ch\/?p=2621"},"modified":"2017-08-29T20:12:27","modified_gmt":"2017-08-29T20:12:27","slug":"stimmungsvoller-apero","status":"publish","type":"post","link":"https:\/\/cshumlikon.ch\/index.php\/2017\/08\/29\/stimmungsvoller-apero\/","title":{"rendered":"Stimmungsvoller Ap\u00e9ro"},"content":{"rendered":"<p><img data-recalc-dims=\"1\" loading=\"lazy\" decoding=\"async\" class=\"alignnone size-medium wp-image-2623\" src=\"https:\/\/i0.wp.com\/cshumlikon.ch\/wp-content\/uploads\/2017\/08\/IMG_0430.jpg?resize=300%2C200&#038;ssl=1\" alt=\"\" width=\"300\" height=\"200\" srcset=\"https:\/\/i0.wp.com\/cshumlikon.ch\/wp-content\/uploads\/2017\/08\/IMG_0430-scaled.jpg?resize=300%2C200&amp;ssl=1 300w, https:\/\/i0.wp.com\/cshumlikon.ch\/wp-content\/uploads\/2017\/08\/IMG_0430-scaled.jpg?resize=1024%2C683&amp;ssl=1 1024w, https:\/\/i0.wp.com\/cshumlikon.ch\/wp-content\/uploads\/2017\/08\/IMG_0430-scaled.jpg?w=1560&amp;ssl=1 1560w, https:\/\/i0.wp.com\/cshumlikon.ch\/wp-content\/uploads\/2017\/08\/IMG_0430-scaled.jpg?w=2340&amp;ssl=1 2340w\" sizes=\"auto, (max-width: 300px) 100vw, 300px\" \/>\u00a0 <img data-recalc-dims=\"1\" loading=\"lazy\" decoding=\"async\" class=\"alignnone size-medium wp-image-2625\" src=\"https:\/\/i0.wp.com\/cshumlikon.ch\/wp-content\/uploads\/2017\/08\/IMG_0443.jpg?resize=200%2C300&#038;ssl=1\" alt=\"\" width=\"200\" height=\"300\" srcset=\"https:\/\/i0.wp.com\/cshumlikon.ch\/wp-content\/uploads\/2017\/08\/IMG_0443-scaled.jpg?resize=200%2C300&amp;ssl=1 200w, https:\/\/i0.wp.com\/cshumlikon.ch\/wp-content\/uploads\/2017\/08\/IMG_0443-scaled.jpg?resize=683%2C1024&amp;ssl=1 683w, https:\/\/i0.wp.com\/cshumlikon.ch\/wp-content\/uploads\/2017\/08\/IMG_0443-scaled.jpg?w=1707&amp;ssl=1 1707w, https:\/\/i0.wp.com\/cshumlikon.ch\/wp-content\/uploads\/2017\/08\/IMG_0443-scaled.jpg?w=1560&amp;ssl=1 1560w\" sizes=\"auto, (max-width: 200px) 100vw, 200px\" \/><\/p>\n<p>Heute Abend waren Sponsoren, Partner, Presse und weitere G\u00e4ste zum traditionellen Er\u00f6ffnungs-Ap\u00e9ro eingeladen. In seiner Begr\u00fcssungsrede dankte OK-Vizepr\u00e4sident Gerold M\u00e4ndli noch einmal der Firma Maurice Lacroix f\u00fcr ihre 12 Jahre dauernde Treue als Haupt- und Titelsponsor. &#8222;Ausserdem freue ich mich sehr, dass uns Maurice Lacroix weiterhin als Partner in einem der vier Weltranglisten-Springen erhalten bleibt&#8220;, sagte M\u00e4ndli. Darauf begr\u00fcsste er Ulrich Koller, den Gesch\u00e4ftsf\u00fchrer und Hauptaktion\u00e4r der Lerch &amp; Partner Generalunternehmung, Winterthur, dem neuen Haupt- und Titelsponsor. Dieser wandte sich ebenfalls in einer kurzen Rede an die G\u00e4ste, und stellte sein Unternehmen kurz vor &#8211; auch wenn es in der Region ja bestens bekannt ist. Anschliessend wurde das von Gastronom Ruedi Bartel und seinem Team liebevoll arrangierte Buffet er\u00f6ffnet.<\/p>\n<p><img data-recalc-dims=\"1\" loading=\"lazy\" decoding=\"async\" class=\"alignnone size-medium wp-image-2624\" src=\"https:\/\/i0.wp.com\/cshumlikon.ch\/wp-content\/uploads\/2017\/08\/IMG_0433.jpg?resize=300%2C200&#038;ssl=1\" alt=\"\" width=\"300\" height=\"200\" srcset=\"https:\/\/i0.wp.com\/cshumlikon.ch\/wp-content\/uploads\/2017\/08\/IMG_0433-scaled.jpg?resize=300%2C200&amp;ssl=1 300w, https:\/\/i0.wp.com\/cshumlikon.ch\/wp-content\/uploads\/2017\/08\/IMG_0433-scaled.jpg?resize=1024%2C683&amp;ssl=1 1024w, https:\/\/i0.wp.com\/cshumlikon.ch\/wp-content\/uploads\/2017\/08\/IMG_0433-scaled.jpg?w=1560&amp;ssl=1 1560w, https:\/\/i0.wp.com\/cshumlikon.ch\/wp-content\/uploads\/2017\/08\/IMG_0433-scaled.jpg?w=2340&amp;ssl=1 2340w\" sizes=\"auto, (max-width: 300px) 100vw, 300px\" \/>\u00a0 <img data-recalc-dims=\"1\" loading=\"lazy\" decoding=\"async\" class=\"alignnone size-medium wp-image-2622\" src=\"https:\/\/i0.wp.com\/cshumlikon.ch\/wp-content\/uploads\/2017\/08\/IMG_0451.jpg?resize=300%2C200&#038;ssl=1\" alt=\"\" width=\"300\" height=\"200\" srcset=\"https:\/\/i0.wp.com\/cshumlikon.ch\/wp-content\/uploads\/2017\/08\/IMG_0451-scaled.jpg?resize=300%2C200&amp;ssl=1 300w, https:\/\/i0.wp.com\/cshumlikon.ch\/wp-content\/uploads\/2017\/08\/IMG_0451-scaled.jpg?resize=1024%2C683&amp;ssl=1 1024w, https:\/\/i0.wp.com\/cshumlikon.ch\/wp-content\/uploads\/2017\/08\/IMG_0451-scaled.jpg?w=1560&amp;ssl=1 1560w, https:\/\/i0.wp.com\/cshumlikon.ch\/wp-content\/uploads\/2017\/08\/IMG_0451-scaled.jpg?w=2340&amp;ssl=1 2340w\" sizes=\"auto, (max-width: 300px) 100vw, 300px\" \/><\/p>\n<p>&nbsp;<\/p>\n","protected":false},"excerpt":{"rendered":"<p>\u00a0 Heute Abend waren Sponsoren, Partner, Presse und weitere G\u00e4ste zum traditionellen Er\u00f6ffnungs-Ap\u00e9ro eingeladen. In&#8230;<\/p>\n","protected":false},"author":2,"featured_media":2622,"comment_status":"closed","ping_status":"closed","sticky":false,"template":"","format":"standard","meta":{"_jetpack_memberships_contains_paid_content":false,"footnotes":""},"categories":[1],"tags":[],"class_list":["post-2621","post","type-post","status-publish","format-standard","has-post-thumbnail","hentry","category-uncategorized"],"jetpack_featured_media_url":"https:\/\/cshumlikon.ch\/wp-content\/uploads\/2017\/08\/IMG_0451-scaled.jpg","jetpack_sharing_enabled":true,"_links":{"self":[{"href":"https:\/\/cshumlikon.ch\/index.php\/wp-json\/wp\/v2\/posts\/2621","targetHints":{"allow":["GET"]}}],"collection":[{"href":"https:\/\/cshumlikon.ch\/index.php\/wp-json\/wp\/v2\/posts"}],"about":[{"href":"https:\/\/cshumlikon.ch\/index.php\/wp-json\/wp\/v2\/types\/post"}],"author":[{"embeddable":true,"href":"https:\/\/cshumlikon.ch\/index.php\/wp-json\/wp\/v2\/users\/2"}],"replies":[{"embeddable":true,"href":"https:\/\/cshumlikon.ch\/index.php\/wp-json\/wp\/v2\/comments?post=2621"}],"version-history":[{"count":0,"href":"https:\/\/cshumlikon.ch\/index.php\/wp-json\/wp\/v2\/posts\/2621\/revisions"}],"wp:featuredmedia":[{"embeddable":true,"href":"https:\/\/cshumlikon.ch\/index.php\/wp-json\/wp\/v2\/media\/2622"}],"wp:attachment":[{"href":"https:\/\/cshumlikon.ch\/index.php\/wp-json\/wp\/v2\/media?parent=2621"}],"wp:term":[{"taxonomy":"category","embeddable":true,"href":"https:\/\/cshumlikon.ch\/index.php\/wp-json\/wp\/v2\/categories?post=2621"},{"taxonomy":"post_tag","embeddable":true,"href":"https:\/\/cshumlikon.ch\/index.php\/wp-json\/wp\/v2\/tags?post=2621"}],"curies":[{"name":"wp","href":"https:\/\/api.w.org\/{rel}","templated":true}]}}